{"id":13770,"date":"2025-06-04T18:10:24","date_gmt":"2025-06-04T16:10:24","guid":{"rendered":"https:\/\/www.museojudiobejar.com\/?p=13770"},"modified":"2025-06-13T13:59:17","modified_gmt":"2025-06-13T11:59:17","slug":"bejar-vivira-semana-judio-inolvidable-13-14-septiembre","status":"publish","type":"post","link":"https:\/\/www.museojudiobejar.com\/en\/2025\/06\/bejar-vivira-semana-judio-inolvidable-13-14-septiembre\/","title":{"rendered":"B\u00e9jar vivir\u00e1 un fin de semana jud\u00edo inolvidable del 13 al 14 de septiembre"},"content":{"rendered":"<p><span style=\"font-weight: 400;\">El Ayuntamiento de B\u00e9jar, en colaboraci\u00f3n con la Asociaci\u00f3n Memoria de Sefarad y de la Red de Juder\u00edas de Espa\u00f1a, ha organizado un programa de actividades para el fin de semana del 13 y 14 de septiembre denominado \u201cUn fin de semana jud\u00edo inolvidable\u201d, que incluir\u00e1 diversas actividades.<\/span><\/p>\n<p><span style=\"font-weight: 400;\">La marcha senderista La Salamanquesa, que llega a su s\u00e9ptima edici\u00f3n, abrir\u00e1 las actividades el s\u00e1bado 13 a las 09:30 horas con salida desde el propio museo, y mantendr\u00e1 su itinerario habitual de 13 kil\u00f3metros a trav\u00e9s de un recorrido que sigue el inicio de la ruta de los jud\u00edos expulsados del Reino de Castilla en 1492.<\/span><\/p>\n<div id=\"attachment_13774\" style=\"width: 310px\" class=\"wp-caption alignleft\"><a href=\"https:\/\/www.museojudiobejar.com\/wp-content\/uploads\/2025\/06\/12993440_970090153039036_7609572359730754686_n.jpg\"><img decoding=\"async\" aria-describedby=\"caption-attachment-13774\" class=\"size-medium wp-image-13774\" src=\"https:\/\/www.museojudiobejar.com\/wp-content\/uploads\/2025\/06\/12993440_970090153039036_7609572359730754686_n-300x225.jpg\" alt=\"\" width=\"300\" height=\"225\" srcset=\"https:\/\/www.museojudiobejar.com\/wp-content\/uploads\/2025\/06\/12993440_970090153039036_7609572359730754686_n-200x150.jpg 200w, https:\/\/www.museojudiobejar.com\/wp-content\/uploads\/2025\/06\/12993440_970090153039036_7609572359730754686_n-300x225.jpg 300w, https:\/\/www.museojudiobejar.com\/wp-content\/uploads\/2025\/06\/12993440_970090153039036_7609572359730754686_n-400x300.jpg 400w, https:\/\/www.museojudiobejar.com\/wp-content\/uploads\/2025\/06\/12993440_970090153039036_7609572359730754686_n-600x450.jpg 600w, https:\/\/www.museojudiobejar.com\/wp-content\/uploads\/2025\/06\/12993440_970090153039036_7609572359730754686_n-768x576.jpg 768w, https:\/\/www.museojudiobejar.com\/wp-content\/uploads\/2025\/06\/12993440_970090153039036_7609572359730754686_n-800x600.jpg 800w, https:\/\/www.museojudiobejar.com\/wp-content\/uploads\/2025\/06\/12993440_970090153039036_7609572359730754686_n.jpg 960w\" sizes=\"(max-width: 300px) 100vw, 300px\" \/><\/a><p id=\"caption-attachment-13774\" class=\"wp-caption-text\">Imagen de la primera edici\u00f3n de la marcha La Salamanquesa (Foto: Antonio Hern\u00e1ndez)<\/p><\/div>\n<p><span style=\"font-weight: 400;\">El trazado de La Salamanquesa discurre en su primer tercio por un frondoso bosque de casta\u00f1os y robles en la margen izquierda del r\u00edo Cuerpo de Hombre hasta llegar a los Molinos de Pich\u00f3n, donde entronca con la calzada romana V\u00eda de la Plata en un recorrido que lleva a la localidad de La Calzada de B\u00e9jar. En este lugar vivi\u00f3 en la segunda mitad del siglo XV <strong>Isabel Gonz\u00e1lez<\/strong>, jud\u00eda conversa conocida como <\/span><i><span style=\"font-weight: 400;\">La Salamanquesa<\/span><\/i><span style=\"font-weight: 400;\">, juzgada por la Inquisici\u00f3n de Llerena en 1494 y desaparecida. De ella toma el nombre esta caminata, que despu\u00e9s de La Calzada retorna a B\u00e9jar siguiendo la V\u00eda Verde que comparte el trazado con la antigua l\u00ednea de ferrocarril Plasencia \u2013 Astorga.\u00a0\u00a0\u00a0<\/span><\/p>\n<p><span style=\"font-weight: 400;\">El domingo 14 la jornada estar\u00e1 dedicada por completo a la cultura, historia y gastronom\u00eda hebrea, y ser\u00e1 inaugurada por el director general de la Red de Juder\u00edas de Espa\u00f1a, <strong>I\u00f1aki Echeveste<\/strong>, a las 09.30 horas en el Museo David Melul.\u00a0<\/span><\/p>\n<p><span style=\"font-weight: 400;\">Despu\u00e9s ser\u00e1 el turno de <strong>Ricardo Angoso<\/strong>, secretario general de la Asociaci\u00f3n Memoria de Sefarad, quien dar\u00e1 paso a <strong>Carmen Rubio<\/strong>, coordinadora de Museos de B\u00e9jar, que ofrecer\u00e1 la conferencia \u201cLas festividades jud\u00edas\u201d, a la que seguir\u00e1 una visita guiada al museo.<\/span><\/p>\n<div id=\"attachment_13776\" style=\"width: 310px\" class=\"wp-caption alignright\"><a href=\"https:\/\/www.museojudiobejar.com\/wp-content\/uploads\/2025\/06\/Palacio_Ducal_de_Bejar_HDR.jpg\"><img decoding=\"async\" aria-describedby=\"caption-attachment-13776\" class=\"size-medium wp-image-13776\" src=\"https:\/\/www.museojudiobejar.com\/wp-content\/uploads\/2025\/06\/Palacio_Ducal_de_Bejar_HDR-300x121.jpg\" alt=\"\" width=\"300\" height=\"121\" srcset=\"https:\/\/www.museojudiobejar.com\/wp-content\/uploads\/2025\/06\/Palacio_Ducal_de_Bejar_HDR-200x80.jpg 200w, https:\/\/www.museojudiobejar.com\/wp-content\/uploads\/2025\/06\/Palacio_Ducal_de_Bejar_HDR-300x121.jpg 300w, https:\/\/www.museojudiobejar.com\/wp-content\/uploads\/2025\/06\/Palacio_Ducal_de_Bejar_HDR-400x161.jpg 400w, https:\/\/www.museojudiobejar.com\/wp-content\/uploads\/2025\/06\/Palacio_Ducal_de_Bejar_HDR-600x241.jpg 600w, https:\/\/www.museojudiobejar.com\/wp-content\/uploads\/2025\/06\/Palacio_Ducal_de_Bejar_HDR-669x272.jpg 669w, https:\/\/www.museojudiobejar.com\/wp-content\/uploads\/2025\/06\/Palacio_Ducal_de_Bejar_HDR-768x309.jpg 768w, https:\/\/www.museojudiobejar.com\/wp-content\/uploads\/2025\/06\/Palacio_Ducal_de_Bejar_HDR-800x322.jpg 800w, https:\/\/www.museojudiobejar.com\/wp-content\/uploads\/2025\/06\/Palacio_Ducal_de_Bejar_HDR-1024x412.jpg 1024w, https:\/\/www.museojudiobejar.com\/wp-content\/uploads\/2025\/06\/Palacio_Ducal_de_Bejar_HDR.jpg 1200w, https:\/\/www.museojudiobejar.com\/wp-content\/uploads\/2025\/06\/Palacio_Ducal_de_Bejar_HDR-1536x617.jpg 1536w\" sizes=\"(max-width: 300px) 100vw, 300px\" \/><\/a><p id=\"caption-attachment-13776\" class=\"wp-caption-text\">Palacio Ducal de B\u00e9jar (Foto: Wikipedia)<\/p><\/div>\n<p><span style=\"font-weight: 400;\">La actividad se trasladar\u00e1 despu\u00e9s al exterior, con una visita al entorno del Palacio Ducal, las iglesias de El Salvador, Santa Mar\u00eda y Santiago y las murallas.<\/span><\/p>\n<p><span style=\"font-weight: 400;\">A las 14 horas est\u00e1 previsto el almuerzo con platos de cocina sefard\u00ed en el Casino Obrero de B\u00e9jar, donde los participantes disfrutar\u00e1 de un men\u00fa que incluye mutabal de berenjena, couscous sefard\u00ed con siete verduras, vino kosher y bimuelos (bu\u00f1uelos de Pesaj).<\/span><\/p>\n<div id=\"attachment_13778\" style=\"width: 274px\" class=\"wp-caption alignleft\"><a href=\"https:\/\/www.museojudiobejar.com\/wp-content\/uploads\/2025\/06\/bimuelos.jpg\"><img decoding=\"async\" aria-describedby=\"caption-attachment-13778\" class=\"wp-image-13778 size-medium\" src=\"https:\/\/www.museojudiobejar.com\/wp-content\/uploads\/2025\/06\/bimuelos-e1749815895318-264x300.jpg\" alt=\"Bimuelos\" width=\"264\" height=\"300\" srcset=\"https:\/\/www.museojudiobejar.com\/wp-content\/uploads\/2025\/06\/bimuelos-e1749815895318-200x227.jpg 200w, https:\/\/www.museojudiobejar.com\/wp-content\/uploads\/2025\/06\/bimuelos-e1749815895318-264x300.jpg 264w, https:\/\/www.museojudiobejar.com\/wp-content\/uploads\/2025\/06\/bimuelos-e1749815895318-400x454.jpg 400w, https:\/\/www.museojudiobejar.com\/wp-content\/uploads\/2025\/06\/bimuelos-e1749815895318-600x681.jpg 600w, https:\/\/www.museojudiobejar.com\/wp-content\/uploads\/2025\/06\/bimuelos-e1749815895318.jpg 678w\" sizes=\"(max-width: 264px) 100vw, 264px\" \/><\/a><p id=\"caption-attachment-13778\" class=\"wp-caption-text\">Bimuelos<\/p><\/div>\n<p><span style=\"font-weight: 400;\">Por la tarde, a las 17:30 horas, tambi\u00e9n en el casino, se proyectar\u00e1 una pel\u00edcula, y a las 19 horas habr\u00e1 un concierto de m\u00fasica sefard\u00ed ofrecido por <strong>Silvia Blasco Yllana<\/strong>.<\/span><\/p>\n<p><span style=\"font-weight: 400;\">El fin de semana se cerrar\u00e1 con la degustaci\u00f3n de una serie de tapas acompa\u00f1adas de distintos vinos.<\/span><\/p>\n<p><span style=\"font-weight: 400;\">El coste por participantes es de 105 euros, incluyendo todas las actividades. Reservas e informaci\u00f3n a trav\u00e9s de los correos electr\u00f3nicos <\/span><a href=\"mailto:judiomundo25@gmail.com\"><span style=\"font-weight: 400;\">judiomundo25@gmail.com<\/span><\/a><span style=\"font-weight: 400;\"> e <\/span><a href=\"mailto:info@museojudio.com\"><span style=\"font-weight: 400;\">info@museojudio.com<\/span><\/a><\/p>\n<div id=\"attachment_13784\" style=\"width: 750px\" class=\"wp-caption aligncenter\"><a href=\"https:\/\/www.museojudiobejar.com\/wp-content\/uploads\/2025\/06\/Cartel-fin-de-semana.jpg\" target=\"_blank\" rel=\"noopener\"><img decoding=\"async\" aria-describedby=\"caption-attachment-13784\" class=\"wp-image-13784 size-large\" src=\"https:\/\/www.museojudiobejar.com\/wp-content\/uploads\/2025\/06\/Cartel-fin-de-semana-740x1024.jpg\" alt=\"Cartel fin de semana judio bejar 13 14 sept 25\" width=\"740\" height=\"1024\" srcset=\"https:\/\/www.museojudiobejar.com\/wp-content\/uploads\/2025\/06\/Cartel-fin-de-semana-200x277.jpg 200w, https:\/\/www.museojudiobejar.com\/wp-content\/uploads\/2025\/06\/Cartel-fin-de-semana-217x300.jpg 217w, https:\/\/www.museojudiobejar.com\/wp-content\/uploads\/2025\/06\/Cartel-fin-de-semana-400x554.jpg 400w, https:\/\/www.museojudiobejar.com\/wp-content\/uploads\/2025\/06\/Cartel-fin-de-semana-600x830.jpg 600w, https:\/\/www.museojudiobejar.com\/wp-content\/uploads\/2025\/06\/Cartel-fin-de-semana.jpg 650w, https:\/\/www.museojudiobejar.com\/wp-content\/uploads\/2025\/06\/Cartel-fin-de-semana-740x1024.jpg 740w, https:\/\/www.museojudiobejar.com\/wp-content\/uploads\/2025\/06\/Cartel-fin-de-semana-768x1063.jpg 768w, https:\/\/www.museojudiobejar.com\/wp-content\/uploads\/2025\/06\/Cartel-fin-de-semana-800x1107.jpg 800w\" sizes=\"(max-width: 740px) 100vw, 740px\" \/><\/a><p id=\"caption-attachment-13784\" class=\"wp-caption-text\">Cartel fin de semana judio bejar 13 14 sept 25<\/p><\/div>\n","protected":false},"excerpt":{"rendered":"<p>El Ayuntamiento de B\u00e9jar, en colaboraci\u00f3n con la Asociaci\u00f3n Memoria de Sefarad y de la Red de Juder\u00edas de Espa\u00f1a, ha organizado un programa de actividades para el fin de semana del 13 y 14 de septiembre denominado \u201cUn fin de semana jud\u00edo inolvidable\u201d, que incluir\u00e1 diversas actividades. La marcha senderista La Salamanquesa, que llega<\/p>\n","protected":false},"author":2,"featured_media":13772,"comment_status":"closed","ping_status":"closed","sticky":false,"template":"","format":"standard","meta":{"footnotes":""},"categories":[1,39],"tags":[360,361,101,98],"class_list":["post-13770","post","type-post","status-publish","format-standard","has-post-thumbnail","hentry","category-actualidad","category-noticias","tag-cocina-sefardi","tag-cultura-judia","tag-salamanquesa","tag-senderismo"],"_links":{"self":[{"href":"https:\/\/www.museojudiobejar.com\/en\/wp-json\/wp\/v2\/posts\/13770","targetHints":{"allow":["GET"]}}],"collection":[{"href":"https:\/\/www.museojudiobejar.com\/en\/wp-json\/wp\/v2\/posts"}],"about":[{"href":"https:\/\/www.museojudiobejar.com\/en\/wp-json\/wp\/v2\/types\/post"}],"author":[{"embeddable":true,"href":"https:\/\/www.museojudiobejar.com\/en\/wp-json\/wp\/v2\/users\/2"}],"replies":[{"embeddable":true,"href":"https:\/\/www.museojudiobejar.com\/en\/wp-json\/wp\/v2\/comments?post=13770"}],"version-history":[{"count":7,"href":"https:\/\/www.museojudiobejar.com\/en\/wp-json\/wp\/v2\/posts\/13770\/revisions"}],"predecessor-version":[{"id":13791,"href":"https:\/\/www.museojudiobejar.com\/en\/wp-json\/wp\/v2\/posts\/13770\/revisions\/13791"}],"wp:featuredmedia":[{"embeddable":true,"href":"https:\/\/www.museojudiobejar.com\/en\/wp-json\/wp\/v2\/media\/13772"}],"wp:attachment":[{"href":"https:\/\/www.museojudiobejar.com\/en\/wp-json\/wp\/v2\/media?parent=13770"}],"wp:term":[{"taxonomy":"category","embeddable":true,"href":"https:\/\/www.museojudiobejar.com\/en\/wp-json\/wp\/v2\/categories?post=13770"},{"taxonomy":"post_tag","embeddable":true,"href":"https:\/\/www.museojudiobejar.com\/en\/wp-json\/wp\/v2\/tags?post=13770"}],"curies":[{"name":"wp","href":"https:\/\/api.w.org\/{rel}","templated":true}]}}