{"id":13516,"date":"2024-03-04T10:58:39","date_gmt":"2024-03-04T09:58:39","guid":{"rendered":"https:\/\/www.museojudiobejar.com\/?p=13516"},"modified":"2024-03-04T11:04:53","modified_gmt":"2024-03-04T10:04:53","slug":"presentada-guia-basica-holocausto-bejar","status":"publish","type":"post","link":"https:\/\/www.museojudiobejar.com\/en\/2024\/03\/presentada-guia-basica-holocausto-bejar\/","title":{"rendered":"Presentada la Gu\u00eda B\u00e1sica del Holocausto en B\u00e9jar"},"content":{"rendered":"<p>El Museo Jud\u00edo David Melul de B\u00e9jar acogi\u00f3 este fin de semana la presentaci\u00f3n de &#8220;El Holocausto: una gu\u00eda did\u00e1ctica y b\u00e1sica&#8221;, de Ricardo Angoso, coeditada por Mundo Jud\u00edo y el Museo Jud\u00edo de B\u00e9jar.<\/p>\n<p>El acto congreg\u00f3 a numerosos asistentes, que pudieron disfrutar de las explicaciones del autor acerca de la publicaci\u00f3n, en la que ha condensado las referencias al Holocausto en la literatura, el cine y los contenidos museogr\u00e1ficos que ilustran el origen, desarrollo y consecuencias de uno de los mayores genocidios del mundo contempor\u00e1neo.<\/p>\n<p>La responsable del museo, Carmen Rubio, fue la encargada de acompa\u00f1ar y presentar a Ricardo Angoso, quien ya colabor\u00f3 con el museo a trav\u00e9s de una exposici\u00f3n fotogr\u00e1fica sobre el mismo tema, que pudo visitarse hace un a\u00f1o.<\/p>\n<p><a href=\"https:\/\/www.museojudiobejar.com\/wp-content\/uploads\/2024\/03\/WhatsApp-Image-2024-03-02-at-08.22.27-4.jpeg\"><img decoding=\"async\" class=\"wp-image-13519 size-medium alignleft\" src=\"https:\/\/www.museojudiobejar.com\/wp-content\/uploads\/2024\/03\/WhatsApp-Image-2024-03-02-at-08.22.27-4-e1709546305604-291x300.jpeg\" alt=\"\" width=\"291\" height=\"300\" srcset=\"https:\/\/www.museojudiobejar.com\/wp-content\/uploads\/2024\/03\/WhatsApp-Image-2024-03-02-at-08.22.27-4-e1709546305604-200x207.jpeg 200w, https:\/\/www.museojudiobejar.com\/wp-content\/uploads\/2024\/03\/WhatsApp-Image-2024-03-02-at-08.22.27-4-e1709546305604-291x300.jpeg 291w, https:\/\/www.museojudiobejar.com\/wp-content\/uploads\/2024\/03\/WhatsApp-Image-2024-03-02-at-08.22.27-4-e1709546305604-400x413.jpeg 400w, https:\/\/www.museojudiobejar.com\/wp-content\/uploads\/2024\/03\/WhatsApp-Image-2024-03-02-at-08.22.27-4-e1709546305604-600x620.jpeg 600w, https:\/\/www.museojudiobejar.com\/wp-content\/uploads\/2024\/03\/WhatsApp-Image-2024-03-02-at-08.22.27-4-e1709546305604.jpeg 675w\" sizes=\"(max-width: 291px) 100vw, 291px\" \/><\/a><\/p>\n","protected":false},"excerpt":{"rendered":"<p>El Museo Jud\u00edo David Melul de B\u00e9jar acogi\u00f3 este fin de semana la presentaci\u00f3n de &#8220;El Holocausto: una gu\u00eda did\u00e1ctica y b\u00e1sica&#8221;, de Ricardo Angoso, coeditada por Mundo Jud\u00edo y el Museo Jud\u00edo de B\u00e9jar. El acto congreg\u00f3 a numerosos asistentes, que pudieron disfrutar de las explicaciones del autor acerca de la publicaci\u00f3n, en la<\/p>\n","protected":false},"author":2,"featured_media":13517,"comment_status":"closed","ping_status":"closed","sticky":false,"template":"","format":"standard","meta":{"footnotes":""},"categories":[1,39],"tags":[324,319],"class_list":["post-13516","post","type-post","status-publish","format-standard","has-post-thumbnail","hentry","category-actualidad","category-noticias","tag-holocausto","tag-ricardo-angoso"],"_links":{"self":[{"href":"https:\/\/www.museojudiobejar.com\/en\/wp-json\/wp\/v2\/posts\/13516","targetHints":{"allow":["GET"]}}],"collection":[{"href":"https:\/\/www.museojudiobejar.com\/en\/wp-json\/wp\/v2\/posts"}],"about":[{"href":"https:\/\/www.museojudiobejar.com\/en\/wp-json\/wp\/v2\/types\/post"}],"author":[{"embeddable":true,"href":"https:\/\/www.museojudiobejar.com\/en\/wp-json\/wp\/v2\/users\/2"}],"replies":[{"embeddable":true,"href":"https:\/\/www.museojudiobejar.com\/en\/wp-json\/wp\/v2\/comments?post=13516"}],"version-history":[{"count":3,"href":"https:\/\/www.museojudiobejar.com\/en\/wp-json\/wp\/v2\/posts\/13516\/revisions"}],"predecessor-version":[{"id":13523,"href":"https:\/\/www.museojudiobejar.com\/en\/wp-json\/wp\/v2\/posts\/13516\/revisions\/13523"}],"wp:featuredmedia":[{"embeddable":true,"href":"https:\/\/www.museojudiobejar.com\/en\/wp-json\/wp\/v2\/media\/13517"}],"wp:attachment":[{"href":"https:\/\/www.museojudiobejar.com\/en\/wp-json\/wp\/v2\/media?parent=13516"}],"wp:term":[{"taxonomy":"category","embeddable":true,"href":"https:\/\/www.museojudiobejar.com\/en\/wp-json\/wp\/v2\/categories?post=13516"},{"taxonomy":"post_tag","embeddable":true,"href":"https:\/\/www.museojudiobejar.com\/en\/wp-json\/wp\/v2\/tags?post=13516"}],"curies":[{"name":"wp","href":"https:\/\/api.w.org\/{rel}","templated":true}]}}