{"id":13360,"date":"2023-04-14T18:34:14","date_gmt":"2023-04-14T16:34:14","guid":{"rendered":"https:\/\/www.museojudiobejar.com\/?p=13360"},"modified":"2023-04-14T18:34:14","modified_gmt":"2023-04-14T16:34:14","slug":"culmina-exito-exposicion-pasos-holocausto","status":"publish","type":"post","link":"https:\/\/www.museojudiobejar.com\/en\/2023\/04\/culmina-exito-exposicion-pasos-holocausto\/","title":{"rendered":"Culmina con \u00e9xito la exposici\u00f3n &#8220;Tras los pasos del Holocausto&#8221;"},"content":{"rendered":"<p>La exposici\u00f3n fotogr\u00e1fica &#8216;Tras los pasos del Holocausto&#8217; ha concluido en el Museo Jud\u00edo David Melul de B\u00e9jar despu\u00e9s de m\u00e1s de dos meses en los que ha sido visitada por 1.007 personas, de las que el 10% fueron ciudadanos de B\u00e9jar.<\/p>\n<p>La muestra se desarroll\u00f3 a trav\u00e9s del trabajo fotogr\u00e1fico de <strong>Ricardo Angoso<\/strong>, que ha desarrollado un interesante trabajo en blanco y negro en un recorrido que se inicia en Wannsee, el suburbio berlin\u00e9s en el que en enero de 1942 se decidi\u00f3 la \u00absoluci\u00f3n final\u00bb, como denominaron al plan para acabar sistem\u00e1ticamente con la poblaci\u00f3n jud\u00eda del territorio controlado por Alemania. Las 45 im\u00e1genes seleccionadas incluyeron espacios como el gueto de Varsovia y el campo de concentraci\u00f3n de Auschwitz.<\/p>\n<p>Los visitantes han expresado a los responsables del museo lo did\u00e1ctico del trabajo, que ha ofrecido una mirada personal sobre un asunto de honda trascendencia para el pueblo jud\u00edo.<\/p>\n","protected":false},"excerpt":{"rendered":"<p>La exposici\u00f3n fotogr\u00e1fica &#8216;Tras los pasos del Holocausto&#8217; ha concluido en el Museo Jud\u00edo David Melul de B\u00e9jar despu\u00e9s de m\u00e1s de dos meses en los que ha sido visitada por 1.007 personas, de las que el 10% fueron ciudadanos de B\u00e9jar. La muestra se desarroll\u00f3 a trav\u00e9s del trabajo fotogr\u00e1fico de Ricardo Angoso, que<\/p>\n","protected":false},"author":2,"featured_media":13361,"comment_status":"closed","ping_status":"closed","sticky":false,"template":"","format":"standard","meta":{"footnotes":""},"categories":[1,39],"tags":[236,324,319],"class_list":["post-13360","post","type-post","status-publish","format-standard","has-post-thumbnail","hentry","category-actualidad","category-noticias","tag-exposicion","tag-holocausto","tag-ricardo-angoso"],"_links":{"self":[{"href":"https:\/\/www.museojudiobejar.com\/en\/wp-json\/wp\/v2\/posts\/13360","targetHints":{"allow":["GET"]}}],"collection":[{"href":"https:\/\/www.museojudiobejar.com\/en\/wp-json\/wp\/v2\/posts"}],"about":[{"href":"https:\/\/www.museojudiobejar.com\/en\/wp-json\/wp\/v2\/types\/post"}],"author":[{"embeddable":true,"href":"https:\/\/www.museojudiobejar.com\/en\/wp-json\/wp\/v2\/users\/2"}],"replies":[{"embeddable":true,"href":"https:\/\/www.museojudiobejar.com\/en\/wp-json\/wp\/v2\/comments?post=13360"}],"version-history":[{"count":3,"href":"https:\/\/www.museojudiobejar.com\/en\/wp-json\/wp\/v2\/posts\/13360\/revisions"}],"predecessor-version":[{"id":13365,"href":"https:\/\/www.museojudiobejar.com\/en\/wp-json\/wp\/v2\/posts\/13360\/revisions\/13365"}],"wp:featuredmedia":[{"embeddable":true,"href":"https:\/\/www.museojudiobejar.com\/en\/wp-json\/wp\/v2\/media\/13361"}],"wp:attachment":[{"href":"https:\/\/www.museojudiobejar.com\/en\/wp-json\/wp\/v2\/media?parent=13360"}],"wp:term":[{"taxonomy":"category","embeddable":true,"href":"https:\/\/www.museojudiobejar.com\/en\/wp-json\/wp\/v2\/categories?post=13360"},{"taxonomy":"post_tag","embeddable":true,"href":"https:\/\/www.museojudiobejar.com\/en\/wp-json\/wp\/v2\/tags?post=13360"}],"curies":[{"name":"wp","href":"https:\/\/api.w.org\/{rel}","templated":true}]}}