{"id":13186,"date":"2022-07-27T10:30:36","date_gmt":"2022-07-27T08:30:36","guid":{"rendered":"https:\/\/www.museojudiobejar.com\/?p=13186"},"modified":"2023-03-01T13:40:21","modified_gmt":"2023-03-01T12:40:21","slug":"museo-judio-odesa-abre-puertas-bejar","status":"publish","type":"post","link":"https:\/\/www.museojudiobejar.com\/en\/2022\/07\/museo-judio-odesa-abre-puertas-bejar\/","title":{"rendered":"El Museo Jud\u00edo de Odesa abre sus puertas en B\u00e9jar"},"content":{"rendered":"<p>El Museo Jud\u00edo de B\u00e9jar acoge desde el viernes 29 de julio la exposici\u00f3n <em>Tu pueblo ser\u00e1 mi pueblo<\/em>. La muestra, que se ha organizado a iniciativa del museo bejarano con la colaboraci\u00f3n del <strong>Ayuntamiento de B\u00e9jar<\/strong> y la <strong>Red de Juder\u00edas de Espa\u00f1a<\/strong>, surge como una colaboraci\u00f3n internacional para permitir que el <strong>Museo Migdal Shorashim<\/strong>, cerrado desde el comienzo de la invasi\u00f3n rusa de Ucrania, pueda abrir sus puertas a 4.000 kil\u00f3metros de distancia.<a href=\"https:\/\/www.museojudiobejar.com\/wp-content\/uploads\/2022\/07\/panel-3-scaled.jpg\"><img decoding=\"async\" class=\"size-medium wp-image-13189 alignleft\" src=\"https:\/\/www.museojudiobejar.com\/wp-content\/uploads\/2022\/07\/panel-3-210x300.jpg\" alt=\"\" width=\"210\" height=\"300\" srcset=\"https:\/\/www.museojudiobejar.com\/wp-content\/uploads\/2022\/07\/panel-3-200x286.jpg 200w, https:\/\/www.museojudiobejar.com\/wp-content\/uploads\/2022\/07\/panel-3-210x300.jpg 210w, https:\/\/www.museojudiobejar.com\/wp-content\/uploads\/2022\/07\/panel-3-400x571.jpg 400w, https:\/\/www.museojudiobejar.com\/wp-content\/uploads\/2022\/07\/panel-3-600x857.jpg 600w, https:\/\/www.museojudiobejar.com\/wp-content\/uploads\/2022\/07\/panel-3-scaled.jpg 630w, https:\/\/www.museojudiobejar.com\/wp-content\/uploads\/2022\/07\/panel-3-717x1024.jpg 717w, https:\/\/www.museojudiobejar.com\/wp-content\/uploads\/2022\/07\/panel-3-768x1097.jpg 768w, https:\/\/www.museojudiobejar.com\/wp-content\/uploads\/2022\/07\/panel-3-800x1143.jpg 800w, https:\/\/www.museojudiobejar.com\/wp-content\/uploads\/2022\/07\/panel-3-1075x1536.jpg 1075w, https:\/\/www.museojudiobejar.com\/wp-content\/uploads\/2022\/07\/panel-3-1200x1714.jpg 1200w, https:\/\/www.museojudiobejar.com\/wp-content\/uploads\/2022\/07\/panel-3-1434x2048.jpg 1434w\" sizes=\"(max-width: 210px) 100vw, 210px\" \/><\/a><\/p>\n<p>La exposici\u00f3n, que toma su nombre del Libro de Rut, permite conocer la historia de la comunidad jud\u00eda de esa ciudad, situada a orillas del Mar Negro y que alberg\u00f3 a una de las comunidades jud\u00edas m\u00e1s importantes de todo el mundo. Im\u00e1genes sobre su cultura, sus tradiciones, los personajes m\u00e1s destacados del siglo XIX y XX y la evoluci\u00f3n de la comunidad se complementan con cuatro piezas musicales seleccionadas para la ocasi\u00f3n, que acompa\u00f1an el recorrido, y con una visita virtual que completa la experiencia.<\/p>\n<p><em>Tu pueblo ser\u00e1 mi pueblo<\/em> ha sido presentada esta ma\u00f1ana en B\u00e9jar por el alcalde de la ciudad, <strong>Antonio C\u00e1mara<\/strong>, acompa\u00f1ado por las t\u00e9cnicos municipales <strong>Carmen Rubio<\/strong> y <strong>Judit Fresno<\/strong> y el coordinador del proyecto\u00a0 y patrono del museo, <strong>Ignacio Coll<\/strong>.<\/p>\n<p>La exposici\u00f3n puede visitarse en el <a href=\"https:\/\/www.museojudiobejar.com\/horario\/\" target=\"_blank\" rel=\"noopener\">horario habitual del Museo David Melul<\/a>, y sus materiales est\u00e1n editados en espa\u00f1ol e ingl\u00e9s. En su puesta en marcha han colaborado de manera altruista distintas personas de Odesa, Salamanca y B\u00e9jar, que han contribuido a la conceptualizaci\u00f3n, edici\u00f3n de los materiales e instalaci\u00f3n, as\u00ed como el primer director del Migdal Shorashim, <strong>Mikhail Rashkovetsky<\/strong>, y la presidenta de la comunidad jud\u00eda de Odesa, <strong>Kira Verkhovsky<\/strong>.<\/p>\n<p>Gracias a la Red de Juder\u00edas de Espa\u00f1a <em>Tu pueblo ser\u00e1 mi pueblo<\/em> viajar\u00e1 a otras ciudades de Espa\u00f1a a partir de octubre.<\/p>\n<p><a href=\"https:\/\/www.museojudiobejar.com\/wp-content\/uploads\/2022\/07\/Foto-1-Panel-7-En-el-kibutz-Sofia-Rashkova-1903-1977.-Pintura-En-el-kibutz-Fryerd.-1930-33.jpg\"><img decoding=\"async\" class=\"size-medium wp-image-13191 aligncenter\" src=\"https:\/\/www.museojudiobejar.com\/wp-content\/uploads\/2022\/07\/Foto-1-Panel-7-En-el-kibutz-Sofia-Rashkova-1903-1977.-Pintura-En-el-kibutz-Fryerd.-1930-33-300x218.jpg\" alt=\"\" width=\"300\" height=\"218\" srcset=\"https:\/\/www.museojudiobejar.com\/wp-content\/uploads\/2022\/07\/Foto-1-Panel-7-En-el-kibutz-Sofia-Rashkova-1903-1977.-Pintura-En-el-kibutz-Fryerd.-1930-33-200x146.jpg 200w, https:\/\/www.museojudiobejar.com\/wp-content\/uploads\/2022\/07\/Foto-1-Panel-7-En-el-kibutz-Sofia-Rashkova-1903-1977.-Pintura-En-el-kibutz-Fryerd.-1930-33-300x218.jpg 300w, https:\/\/www.museojudiobejar.com\/wp-content\/uploads\/2022\/07\/Foto-1-Panel-7-En-el-kibutz-Sofia-Rashkova-1903-1977.-Pintura-En-el-kibutz-Fryerd.-1930-33-400x291.jpg 400w, https:\/\/www.museojudiobejar.com\/wp-content\/uploads\/2022\/07\/Foto-1-Panel-7-En-el-kibutz-Sofia-Rashkova-1903-1977.-Pintura-En-el-kibutz-Fryerd.-1930-33-600x437.jpg 600w, https:\/\/www.museojudiobejar.com\/wp-content\/uploads\/2022\/07\/Foto-1-Panel-7-En-el-kibutz-Sofia-Rashkova-1903-1977.-Pintura-En-el-kibutz-Fryerd.-1930-33-768x559.jpg 768w, https:\/\/www.museojudiobejar.com\/wp-content\/uploads\/2022\/07\/Foto-1-Panel-7-En-el-kibutz-Sofia-Rashkova-1903-1977.-Pintura-En-el-kibutz-Fryerd.-1930-33-800x582.jpg 800w, https:\/\/www.museojudiobejar.com\/wp-content\/uploads\/2022\/07\/Foto-1-Panel-7-En-el-kibutz-Sofia-Rashkova-1903-1977.-Pintura-En-el-kibutz-Fryerd.-1930-33-1024x745.jpg 1024w, https:\/\/www.museojudiobejar.com\/wp-content\/uploads\/2022\/07\/Foto-1-Panel-7-En-el-kibutz-Sofia-Rashkova-1903-1977.-Pintura-En-el-kibutz-Fryerd.-1930-33.jpg 1200w, https:\/\/www.museojudiobejar.com\/wp-content\/uploads\/2022\/07\/Foto-1-Panel-7-En-el-kibutz-Sofia-Rashkova-1903-1977.-Pintura-En-el-kibutz-Fryerd.-1930-33-1536x1118.jpg 1536w\" sizes=\"(max-width: 300px) 100vw, 300px\" \/><\/a><\/p>\n","protected":false},"excerpt":{"rendered":"<p>El Museo Jud\u00edo de B\u00e9jar acoge desde el viernes 29 de julio la exposici\u00f3n Tu pueblo ser\u00e1 mi pueblo. La muestra, que se ha organizado a iniciativa del museo bejarano con la colaboraci\u00f3n del Ayuntamiento de B\u00e9jar y la Red de Juder\u00edas de Espa\u00f1a, surge como una colaboraci\u00f3n internacional para permitir que el Museo Migdal<\/p>\n","protected":false},"author":2,"featured_media":13187,"comment_status":"closed","ping_status":"closed","sticky":false,"template":"","format":"standard","meta":{"footnotes":""},"categories":[1,39],"tags":[307,308,320,321],"class_list":["post-13186","post","type-post","status-publish","format-standard","has-post-thumbnail","hentry","category-actualidad","category-noticias","tag-migdal-shorashim","tag-odesa","tag-pueblo-sera-pueblo","tag-ucrania"],"_links":{"self":[{"href":"https:\/\/www.museojudiobejar.com\/en\/wp-json\/wp\/v2\/posts\/13186","targetHints":{"allow":["GET"]}}],"collection":[{"href":"https:\/\/www.museojudiobejar.com\/en\/wp-json\/wp\/v2\/posts"}],"about":[{"href":"https:\/\/www.museojudiobejar.com\/en\/wp-json\/wp\/v2\/types\/post"}],"author":[{"embeddable":true,"href":"https:\/\/www.museojudiobejar.com\/en\/wp-json\/wp\/v2\/users\/2"}],"replies":[{"embeddable":true,"href":"https:\/\/www.museojudiobejar.com\/en\/wp-json\/wp\/v2\/comments?post=13186"}],"version-history":[{"count":10,"href":"https:\/\/www.museojudiobejar.com\/en\/wp-json\/wp\/v2\/posts\/13186\/revisions"}],"predecessor-version":[{"id":13205,"href":"https:\/\/www.museojudiobejar.com\/en\/wp-json\/wp\/v2\/posts\/13186\/revisions\/13205"}],"wp:featuredmedia":[{"embeddable":true,"href":"https:\/\/www.museojudiobejar.com\/en\/wp-json\/wp\/v2\/media\/13187"}],"wp:attachment":[{"href":"https:\/\/www.museojudiobejar.com\/en\/wp-json\/wp\/v2\/media?parent=13186"}],"wp:term":[{"taxonomy":"category","embeddable":true,"href":"https:\/\/www.museojudiobejar.com\/en\/wp-json\/wp\/v2\/categories?post=13186"},{"taxonomy":"post_tag","embeddable":true,"href":"https:\/\/www.museojudiobejar.com\/en\/wp-json\/wp\/v2\/tags?post=13186"}],"curies":[{"name":"wp","href":"https:\/\/api.w.org\/{rel}","templated":true}]}}