{"id":13001,"date":"2021-02-05T21:20:56","date_gmt":"2021-02-05T20:20:56","guid":{"rendered":"http:\/\/www.museojudiobejar.com\/?p=13001"},"modified":"2021-05-25T19:16:55","modified_gmt":"2021-05-25T17:16:55","slug":"importante-donacion-objetos-liturgicos-jam-bejar","status":"publish","type":"post","link":"https:\/\/www.museojudiobejar.com\/en\/2021\/02\/importante-donacion-objetos-liturgicos-jam-bejar\/","title":{"rendered":"Importante donaci\u00f3n de objetos lit\u00fargicos de JAM B\u00e9jar"},"content":{"rendered":"<p>El Museo Jud\u00edo de B\u00e9jar ha recibido una importante donaci\u00f3n de objetos lit\u00fargicos por parte del bejarano JAM B\u00e9jar, un reconocido coleccionista de todo tipo de antig\u00fcedades y objetos art\u00edsticos, y en especial relacionados con el pasado de nuestra ciudad.<\/p>\n<p>Hace unas semanas, el propio JAM B\u00e9jar se present\u00f3 en nuestro museo con una espl\u00e9ndida donaci\u00f3n de objetos lit\u00fargicos. En concreto se trata de dos libros de oraciones hebreas editados en B\u00e9lgica en la primera mitad del siglo XX, encuadernados en plata y bronce con motivos aleg\u00f3ricos en su portada (una menor\u00e1 de siete brazos y los s\u00edmbolos de las 12 tribus de Israel), escritos en ingl\u00e9s y hebreo. La donaci\u00f3n se completa con cinco mezuz\u00e1s, objetos situados a la derecha y en el tercio superior de la jamba las casas de los jud\u00edos que contienen vers\u00edculos de la Tor\u00e1, y con una espectacular lucerna de barro cocido que podr\u00eda tener su origen entre los siglos VI y VII.<\/p>\n<p>Los objetos donados han sido catalogados e inventariados por la responsable del museo, y ya se exhiben en una de sus salas. No es la primera donaci\u00f3n que JAM B\u00e9jar hace al Museo Jud\u00edo David Melul, que cuenta en su colecci\u00f3n con un importante n\u00famero de donaciones de objetos sagrados y relativos a la religi\u00f3n jud\u00eda.<\/p>\n<p>&nbsp;<\/p>\n","protected":false},"excerpt":{"rendered":"<p>El Museo Jud\u00edo de B\u00e9jar ha recibido una importante donaci\u00f3n de objetos lit\u00fargicos por parte del bejarano JAM B\u00e9jar, un reconocido coleccionista de todo tipo de antig\u00fcedades y objetos art\u00edsticos, y en especial relacionados con el pasado de nuestra ciudad. Hace unas semanas, el propio JAM B\u00e9jar se present\u00f3 en nuestro museo con una espl\u00e9ndida<\/p>\n","protected":false},"author":2,"featured_media":12999,"comment_status":"closed","ping_status":"closed","sticky":false,"template":"","format":"standard","meta":{"footnotes":""},"categories":[1,39],"tags":[115,274,275,276],"class_list":["post-13001","post","type-post","status-publish","format-standard","has-post-thumbnail","hentry","category-actualidad","category-noticias","tag-donacion","tag-jam-bejar","tag-lucerna","tag-mezuza"],"_links":{"self":[{"href":"https:\/\/www.museojudiobejar.com\/en\/wp-json\/wp\/v2\/posts\/13001","targetHints":{"allow":["GET"]}}],"collection":[{"href":"https:\/\/www.museojudiobejar.com\/en\/wp-json\/wp\/v2\/posts"}],"about":[{"href":"https:\/\/www.museojudiobejar.com\/en\/wp-json\/wp\/v2\/types\/post"}],"author":[{"embeddable":true,"href":"https:\/\/www.museojudiobejar.com\/en\/wp-json\/wp\/v2\/users\/2"}],"replies":[{"embeddable":true,"href":"https:\/\/www.museojudiobejar.com\/en\/wp-json\/wp\/v2\/comments?post=13001"}],"version-history":[{"count":5,"href":"https:\/\/www.museojudiobejar.com\/en\/wp-json\/wp\/v2\/posts\/13001\/revisions"}],"predecessor-version":[{"id":13021,"href":"https:\/\/www.museojudiobejar.com\/en\/wp-json\/wp\/v2\/posts\/13001\/revisions\/13021"}],"wp:featuredmedia":[{"embeddable":true,"href":"https:\/\/www.museojudiobejar.com\/en\/wp-json\/wp\/v2\/media\/12999"}],"wp:attachment":[{"href":"https:\/\/www.museojudiobejar.com\/en\/wp-json\/wp\/v2\/media?parent=13001"}],"wp:term":[{"taxonomy":"category","embeddable":true,"href":"https:\/\/www.museojudiobejar.com\/en\/wp-json\/wp\/v2\/categories?post=13001"},{"taxonomy":"post_tag","embeddable":true,"href":"https:\/\/www.museojudiobejar.com\/en\/wp-json\/wp\/v2\/tags?post=13001"}],"curies":[{"name":"wp","href":"https:\/\/api.w.org\/{rel}","templated":true}]}}