{"id":12984,"date":"2020-12-01T20:36:04","date_gmt":"2020-12-01T19:36:04","guid":{"rendered":"http:\/\/www.museojudiobejar.com\/?p=12984"},"modified":"2020-12-01T20:36:04","modified_gmt":"2020-12-01T19:36:04","slug":"regresa-fiesta-januca-museo-judio-bejar","status":"publish","type":"post","link":"https:\/\/www.museojudiobejar.com\/en\/2020\/12\/regresa-fiesta-januca-museo-judio-bejar\/","title":{"rendered":"Regresa la fiesta de la Januc\u00e1 al Museo Jud\u00edo de B\u00e9jar"},"content":{"rendered":"<p>La fiesta de la Januc\u00e1 regresa al Museo Jud\u00edo David Melul y lo hace por partida doble. Por quinto a\u00f1o consecutivo, el Ayuntamiento de B\u00e9jar y el Museo organizan un evento l\u00fadico y did\u00e1ctico para conocer esta importante festividad del calendario hebreo, tambi\u00e9n conocida como Fiesta de Las Luces.<\/p>\n<p>En esta ocasi\u00f3n, para reducir los grupos y mantener la seguridad, la actividad se celebra en dos d\u00edas: Viernes 11 y viernes 18 de diciembre, en ambos casos con el mismo horario: 17:45 horas. El evento se divide en tres partes: una representaci\u00f3n teatral, degustaci\u00f3n de dulces sefard\u00edes y visita al museo.<\/p>\n<p>El candelariense Miguel \u00c1ngel Fern\u00e1ndez, Yolanda Rodilla, de Navacarros, y la bejarana Carmen Rubio completan el <em>reparto<\/em> teatral, en el que el gui\u00f3n cambia por completo para sorprender a los visitantes, que en muchos casos repiten la experiencia de a\u00f1os anteriores.<\/p>\n<p>Los dulces sefard\u00edes llegar\u00e1n a cargo de la hervasense Abigail Cohen, que subir\u00e1 unas deliciosas galletas y pastas elaboradas al modo hebreo.<\/p>\n<p>El aforo en cada una de las representaciones se ha fijado en 20 personas, que deber\u00e1n llevar mascarilla y mantener la distancia social en el museo. El coste es de 3 euros por persona mayor de 12 a\u00f1os. Pueden hacerse reservas a trav\u00e9s del tel\u00e9fono (ver cartel)<\/p>\n<p>La Januc\u00e1 o Fiesta de las Luminarias es una celebraci\u00f3n religiosa que los jud\u00edos celebran coincidiendo con la Navidad cristiana. En ella usan un candelabro de nueve brazos con otras tantas candelas que se van encendiendo a lo largo de nueve d\u00edas, en recuerdo de la recuperaci\u00f3n del Segundo Templo de Jerusal\u00e9n tras la victoria de los macabeos sobre los griegos.<\/p>\n<p>La Fiesta de la Januc\u00e1 se celebra en B\u00e9jar desde 2016, lo que la convierte en una de las actividades destacadas del mes de diciembre en la ciudad.<\/p>\n","protected":false},"excerpt":{"rendered":"<p>La fiesta de la Januc\u00e1 regresa al Museo Jud\u00edo David Melul y lo hace por partida doble. Por quinto a\u00f1o consecutivo, el Ayuntamiento de B\u00e9jar y el Museo organizan un evento l\u00fadico y did\u00e1ctico para conocer esta importante festividad del calendario hebreo, tambi\u00e9n conocida como Fiesta de Las Luces. En esta ocasi\u00f3n, para reducir los<\/p>\n","protected":false},"author":2,"featured_media":12982,"comment_status":"closed","ping_status":"closed","sticky":false,"template":"","format":"standard","meta":{"footnotes":""},"categories":[1,39],"tags":[205,123,226,196,247,273],"class_list":["post-12984","post","type-post","status-publish","format-standard","has-post-thumbnail","hentry","category-actualidad","category-noticias","tag-abigail-cohen","tag-carmen-rubio","tag-fiesta-luminarias","tag-januca","tag-miguel-angel-fernandez","tag-yolanda-rodilla"],"_links":{"self":[{"href":"https:\/\/www.museojudiobejar.com\/en\/wp-json\/wp\/v2\/posts\/12984","targetHints":{"allow":["GET"]}}],"collection":[{"href":"https:\/\/www.museojudiobejar.com\/en\/wp-json\/wp\/v2\/posts"}],"about":[{"href":"https:\/\/www.museojudiobejar.com\/en\/wp-json\/wp\/v2\/types\/post"}],"author":[{"embeddable":true,"href":"https:\/\/www.museojudiobejar.com\/en\/wp-json\/wp\/v2\/users\/2"}],"replies":[{"embeddable":true,"href":"https:\/\/www.museojudiobejar.com\/en\/wp-json\/wp\/v2\/comments?post=12984"}],"version-history":[{"count":2,"href":"https:\/\/www.museojudiobejar.com\/en\/wp-json\/wp\/v2\/posts\/12984\/revisions"}],"predecessor-version":[{"id":12986,"href":"https:\/\/www.museojudiobejar.com\/en\/wp-json\/wp\/v2\/posts\/12984\/revisions\/12986"}],"wp:featuredmedia":[{"embeddable":true,"href":"https:\/\/www.museojudiobejar.com\/en\/wp-json\/wp\/v2\/media\/12982"}],"wp:attachment":[{"href":"https:\/\/www.museojudiobejar.com\/en\/wp-json\/wp\/v2\/media?parent=12984"}],"wp:term":[{"taxonomy":"category","embeddable":true,"href":"https:\/\/www.museojudiobejar.com\/en\/wp-json\/wp\/v2\/categories?post=12984"},{"taxonomy":"post_tag","embeddable":true,"href":"https:\/\/www.museojudiobejar.com\/en\/wp-json\/wp\/v2\/tags?post=12984"}],"curies":[{"name":"wp","href":"https:\/\/api.w.org\/{rel}","templated":true}]}}