{"id":12841,"date":"2020-03-16T00:09:18","date_gmt":"2020-03-15T22:09:18","guid":{"rendered":"http:\/\/www.museojudiobejar.com\/?p=12841"},"modified":"2020-03-16T00:09:22","modified_gmt":"2020-03-15T22:09:22","slug":"museo-judio-bejar-cierra-puertas-covid-19","status":"publish","type":"post","link":"https:\/\/www.museojudiobejar.com\/en\/2020\/03\/museo-judio-bejar-cierra-puertas-covid-19\/","title":{"rendered":"El Museo Jud\u00edo de B\u00e9jar cierra sus puertas por el COVID-19"},"content":{"rendered":"\n<p>El Museo Jud\u00edo David Melul de B\u00e9jar permanece cerrado hasta nuevo aviso. La medida se ha tomado por sus responsables a ra\u00edz de la situaci\u00f3n provocada por la crisis del coronavirus. De acuerdo con la Orden SAN\/300\/2020 de la Consejeria de Sanidad de la Junta de Castilla y L\u00e9on, y de lo recogido en el bando municipal dictado por la alcaldesa de B\u00e9jar el 13 de marzo, se procede al cierre de la instalaci\u00f3n hasta nuevo aviso.<\/p>\n\n\n\n<div class=\"wp-block-image\"><figure class=\"alignleft is-resized\"><img decoding=\"async\" src=\"http:\/\/www.museojudiobejar.com\/wp-content\/uploads\/2020\/03\/Conferencia-Manuel-Nevot-APLAZADA-724x1024.jpg\" alt=\"\" class=\"wp-image-12844\" width=\"206\" height=\"291\"\/><\/figure><\/div>\n\n\n\n<p>De la misma forma, se aplaza sin fecha la actividad prevista para el pr\u00f3ximo viernes d\u00eda 20 de marzo. La conferencia del profesor de la Universidad de Salamanca <a href=\"http:\/\/www.museojudiobejar.com\/2015\/11\/manuel-nevot-cierra-ciclo-conferencias-2015\/\">Manuel Nevot<\/a> sobre las festividades jud\u00edas se llevar\u00e1 a cabo m\u00e1s adelante.<\/p>\n\n\n\n<p>El Museo Jud\u00edo David Melul se suma a la campa\u00f1a #YoMeQuedoEnCasa y anima a todos los bejaranos y amigos de otros lugares a seguirla, en la confianza de que pronto podremos abrir nuestras puertas y celebrar juntos la vida. <\/p>\n","protected":false},"excerpt":{"rendered":"<p>El Museo Jud\u00edo David Melul de B\u00e9jar permanece cerrado hasta nuevo aviso. La medida se ha tomado por sus responsables a ra\u00edz de la situaci\u00f3n provocada por la crisis del coronavirus. De acuerdo con la Orden SAN\/300\/2020 de la Consejeria de Sanidad de la Junta de Castilla y L\u00e9on, y de lo recogido en el<\/p>\n","protected":false},"author":2,"featured_media":12842,"comment_status":"closed","ping_status":"closed","sticky":false,"template":"","format":"standard","meta":{"footnotes":""},"categories":[1,39],"tags":[252,250,251,83],"class_list":["post-12841","post","type-post","status-publish","format-standard","has-post-thumbnail","hentry","category-actualidad","category-noticias","tag-cierre","tag-coronavirus","tag-covid19","tag-manuel-nevot"],"_links":{"self":[{"href":"https:\/\/www.museojudiobejar.com\/en\/wp-json\/wp\/v2\/posts\/12841","targetHints":{"allow":["GET"]}}],"collection":[{"href":"https:\/\/www.museojudiobejar.com\/en\/wp-json\/wp\/v2\/posts"}],"about":[{"href":"https:\/\/www.museojudiobejar.com\/en\/wp-json\/wp\/v2\/types\/post"}],"author":[{"embeddable":true,"href":"https:\/\/www.museojudiobejar.com\/en\/wp-json\/wp\/v2\/users\/2"}],"replies":[{"embeddable":true,"href":"https:\/\/www.museojudiobejar.com\/en\/wp-json\/wp\/v2\/comments?post=12841"}],"version-history":[{"count":3,"href":"https:\/\/www.museojudiobejar.com\/en\/wp-json\/wp\/v2\/posts\/12841\/revisions"}],"predecessor-version":[{"id":12848,"href":"https:\/\/www.museojudiobejar.com\/en\/wp-json\/wp\/v2\/posts\/12841\/revisions\/12848"}],"wp:featuredmedia":[{"embeddable":true,"href":"https:\/\/www.museojudiobejar.com\/en\/wp-json\/wp\/v2\/media\/12842"}],"wp:attachment":[{"href":"https:\/\/www.museojudiobejar.com\/en\/wp-json\/wp\/v2\/media?parent=12841"}],"wp:term":[{"taxonomy":"category","embeddable":true,"href":"https:\/\/www.museojudiobejar.com\/en\/wp-json\/wp\/v2\/categories?post=12841"},{"taxonomy":"post_tag","embeddable":true,"href":"https:\/\/www.museojudiobejar.com\/en\/wp-json\/wp\/v2\/tags?post=12841"}],"curies":[{"name":"wp","href":"https:\/\/api.w.org\/{rel}","templated":true}]}}