{"id":12829,"date":"2020-01-16T00:16:58","date_gmt":"2020-01-15T22:16:58","guid":{"rendered":"http:\/\/www.museojudiobejar.com\/?p=12829"},"modified":"2020-01-16T00:17:03","modified_gmt":"2020-01-15T22:17:03","slug":"bejar-estara-fitur-mano-red-juderias","status":"publish","type":"post","link":"https:\/\/www.museojudiobejar.com\/en\/2020\/01\/bejar-estara-fitur-mano-red-juderias\/","title":{"rendered":"B\u00e9jar estar\u00e1 en FITUR de la mano de la Red de Juder\u00edas"},"content":{"rendered":"\n<p>La incorporaci\u00f3n de B\u00e9jar a la Red Espa\u00f1ola de Juder\u00edas est\u00e1 ofreciendo sus primeros frutos. As\u00ed, la ciudad estar\u00e1 presente en la Feria Internacional de Turismo FITUR, en concreto en el stand 9A04B, que la Red instalar\u00e1 en el pabell\u00f3n 9 de IFEMA del 22 al 26 de enero en Madrid.<\/p>\n\n\n\n<p>Las 22 localidades que forman la red, a la que B\u00e9jar se incorpor\u00f3 de manera oficial el pasado 4 de octubre como miembro de pleno derecho, dispondr\u00e1n de un espacio en el que promocionar el turismo asociado a su herencia jud\u00eda. El d\u00eda 22 los alcaldes participar\u00e1n en el acto institucional de bienvenida, en el que se presentar\u00e1n las gu\u00edas tur\u00edsticas de cada ciudad, y a lo largo de la semana est\u00e1n programadas distintas degustaciones gastron\u00f3micas. El fin de semana, dedicado al p\u00fablico general, una cal\u00edgrafa ofrecer\u00e1 su nombre en caracteres hebreos a todos los que lo soliciten.<\/p>\n\n\n\n<p>La presencia de la Red en FITUR fue dadas a conocer a los socios el pasado 12 de dicembre en Ja\u00e9n, ciudad que acogi\u00f3 la asamblea anual en la que particip\u00f3 la alcaldesa de B\u00e9jar, Elena Mart\u00edn.<\/p>\n\n\n\n<p>M\u00e1s informaci\u00f3n sobre la presencia de la Red Espa\u00f1ola de Juder\u00edas en FITUR.<\/p>\n","protected":false},"excerpt":{"rendered":"<p>La incorporaci\u00f3n de B\u00e9jar a la Red Espa\u00f1ola de Juder\u00edas est\u00e1 ofreciendo sus primeros frutos. As\u00ed, la ciudad estar\u00e1 presente en la Feria Internacional de Turismo FITUR, en concreto en el stand 9A04B, que la Red instalar\u00e1 en el pabell\u00f3n 9 de IFEMA del 22 al 26 de enero en Madrid. Las 22 localidades que<\/p>\n","protected":false},"author":2,"featured_media":12834,"comment_status":"closed","ping_status":"closed","sticky":false,"template":"","format":"standard","meta":{"footnotes":""},"categories":[1,39],"tags":[249,232],"class_list":["post-12829","post","type-post","status-publish","format-standard","has-post-thumbnail","hentry","category-actualidad","category-noticias","tag-fitur","tag-red-juderias"],"_links":{"self":[{"href":"https:\/\/www.museojudiobejar.com\/en\/wp-json\/wp\/v2\/posts\/12829","targetHints":{"allow":["GET"]}}],"collection":[{"href":"https:\/\/www.museojudiobejar.com\/en\/wp-json\/wp\/v2\/posts"}],"about":[{"href":"https:\/\/www.museojudiobejar.com\/en\/wp-json\/wp\/v2\/types\/post"}],"author":[{"embeddable":true,"href":"https:\/\/www.museojudiobejar.com\/en\/wp-json\/wp\/v2\/users\/2"}],"replies":[{"embeddable":true,"href":"https:\/\/www.museojudiobejar.com\/en\/wp-json\/wp\/v2\/comments?post=12829"}],"version-history":[{"count":1,"href":"https:\/\/www.museojudiobejar.com\/en\/wp-json\/wp\/v2\/posts\/12829\/revisions"}],"predecessor-version":[{"id":12836,"href":"https:\/\/www.museojudiobejar.com\/en\/wp-json\/wp\/v2\/posts\/12829\/revisions\/12836"}],"wp:featuredmedia":[{"embeddable":true,"href":"https:\/\/www.museojudiobejar.com\/en\/wp-json\/wp\/v2\/media\/12834"}],"wp:attachment":[{"href":"https:\/\/www.museojudiobejar.com\/en\/wp-json\/wp\/v2\/media?parent=12829"}],"wp:term":[{"taxonomy":"category","embeddable":true,"href":"https:\/\/www.museojudiobejar.com\/en\/wp-json\/wp\/v2\/categories?post=12829"},{"taxonomy":"post_tag","embeddable":true,"href":"https:\/\/www.museojudiobejar.com\/en\/wp-json\/wp\/v2\/tags?post=12829"}],"curies":[{"name":"wp","href":"https:\/\/api.w.org\/{rel}","templated":true}]}}