{"id":12821,"date":"2019-12-19T01:32:58","date_gmt":"2019-12-18T23:32:58","guid":{"rendered":"http:\/\/www.museojudiobejar.com\/?p=12821"},"modified":"2019-12-20T20:26:23","modified_gmt":"2019-12-20T18:26:23","slug":"museo-judio-bejar-vuelve-celebrar-fiesta-januca","status":"publish","type":"post","link":"https:\/\/www.museojudiobejar.com\/en\/2019\/12\/museo-judio-bejar-vuelve-celebrar-fiesta-januca\/","title":{"rendered":"El Museo Jud\u00edo de B\u00e9jar vuelve a celebrar la fiesta de Januc\u00e1"},"content":{"rendered":"\n<p>Por <a rel=\"noreferrer noopener\" aria-label=\"tercer a\u00f1o consecutivo (abre en una nueva pesta\u00f1a)\" href=\"http:\/\/www.museojudiobejar.com\/2018\/12\/museo-judio-bejar-celebra-fiesta-januca\/\" target=\"_blank\">tercer a\u00f1o consecutivo<\/a>, el Museo Jud\u00edo David Melul y el Ayuntamiento  de B\u00e9jar celebran la fiesta de Januc\u00e1 con una serie de actividades que tendr\u00e1n lugar en dos jornadas de  tarde: jueves 26 de diciembre (ya completo) y viernes 27 en el museo.<\/p>\n\n\n\n<p>La Januc\u00e1 o Fiesta de las Luminarias es una celebraci\u00f3n religiosa que tiene lugar coincidiendo con la Navidad cristiana. En ella los hebreos utilizan un candelabro de nueve brazos que se van encendiendo a lo largo de otros tantos d\u00edas, en recuerdo de la recuperaci\u00f3n del Segundo Templo de Jerusal\u00e9n tras la victoria de los macabeos sobre los griegos. <\/p>\n\n\n\n<p>La cita de este a\u00f1o, el <strong>jueves 26 y el viernes 27 de diciembre  a las 17:45<\/strong>, incorpora una importante novedad respecto a las ediciones anteriores: Una representaci\u00f3n teatral a cargo de los actores candelarienses Miguel \u00c1ngel Fern\u00e1ndez y Alejandra Calles, que junto con dos ni\u00f1os protagonizar\u00e1n una peque\u00f1a obra en la que una familia jud\u00eda explica los elementos principales de esta fiesta. <\/p>\n\n\n\n<p>Tras el teatro ser\u00e1 el momento de disfrutar de los dulces jud\u00edos de Abigail Cohen, una pastelera jud\u00eda afincada en Herv\u00e1s que ofrecer\u00e1 peque\u00f1os bocados de origen sefard\u00ed y askenaz\u00ed, cuya degustaci\u00f3n preceder\u00e1 a la visita guiada al museo. <\/p>\n\n\n\n<p>El precio de las actividades es de 2 euros para los mayores de 12 a\u00f1os. Pueden hacerse reservas a trav\u00e9s del tel\u00e9fono (<a href=\"http:\/\/www.museojudiobejar.com\/wp-content\/uploads\/2019\/12\/IMG-20191211-WA0005.jpg\" target=\"_blank\" rel=\"noreferrer noopener\" aria-label=\"ver cartel (abre en una nueva pesta\u00f1a)\">ver cartel<\/a>).<\/p>\n\n\n\n<div class=\"wp-block-image\"><figure class=\"aligncenter\"><img decoding=\"async\" width=\"1024\" height=\"678\" src=\"http:\/\/www.museojudiobejar.com\/wp-content\/uploads\/2017\/11\/DSC_0339-1024x678.jpg\" alt=\"\" class=\"wp-image-12191\" srcset=\"https:\/\/www.museojudiobejar.com\/wp-content\/uploads\/2017\/11\/DSC_0339-300x199.jpg 300w, https:\/\/www.museojudiobejar.com\/wp-content\/uploads\/2017\/11\/DSC_0339-1024x678.jpg 1024w, https:\/\/www.museojudiobejar.com\/wp-content\/uploads\/2017\/11\/DSC_0339.jpg 1200w\" sizes=\"(max-width: 1024px) 100vw, 1024px\" \/><\/figure><\/div>\n","protected":false},"excerpt":{"rendered":"<p>Por tercer a\u00f1o consecutivo, el Museo Jud\u00edo David Melul y el Ayuntamiento de B\u00e9jar celebran la fiesta de Januc\u00e1 con una serie de actividades que tendr\u00e1n lugar en dos jornadas de tarde: jueves 26 de diciembre (ya completo) y viernes 27 en el museo. La Januc\u00e1 o Fiesta de las Luminarias es una celebraci\u00f3n religiosa<\/p>\n","protected":false},"author":2,"featured_media":12822,"comment_status":"closed","ping_status":"closed","sticky":false,"template":"","format":"standard","meta":{"footnotes":""},"categories":[1,39],"tags":[205,248,226,196,247],"class_list":["post-12821","post","type-post","status-publish","format-standard","has-post-thumbnail","hentry","category-actualidad","category-noticias","tag-abigail-cohen","tag-alejandra-calles","tag-fiesta-luminarias","tag-januca","tag-miguel-angel-fernandez"],"_links":{"self":[{"href":"https:\/\/www.museojudiobejar.com\/en\/wp-json\/wp\/v2\/posts\/12821","targetHints":{"allow":["GET"]}}],"collection":[{"href":"https:\/\/www.museojudiobejar.com\/en\/wp-json\/wp\/v2\/posts"}],"about":[{"href":"https:\/\/www.museojudiobejar.com\/en\/wp-json\/wp\/v2\/types\/post"}],"author":[{"embeddable":true,"href":"https:\/\/www.museojudiobejar.com\/en\/wp-json\/wp\/v2\/users\/2"}],"replies":[{"embeddable":true,"href":"https:\/\/www.museojudiobejar.com\/en\/wp-json\/wp\/v2\/comments?post=12821"}],"version-history":[{"count":4,"href":"https:\/\/www.museojudiobejar.com\/en\/wp-json\/wp\/v2\/posts\/12821\/revisions"}],"predecessor-version":[{"id":12827,"href":"https:\/\/www.museojudiobejar.com\/en\/wp-json\/wp\/v2\/posts\/12821\/revisions\/12827"}],"wp:featuredmedia":[{"embeddable":true,"href":"https:\/\/www.museojudiobejar.com\/en\/wp-json\/wp\/v2\/media\/12822"}],"wp:attachment":[{"href":"https:\/\/www.museojudiobejar.com\/en\/wp-json\/wp\/v2\/media?parent=12821"}],"wp:term":[{"taxonomy":"category","embeddable":true,"href":"https:\/\/www.museojudiobejar.com\/en\/wp-json\/wp\/v2\/categories?post=12821"},{"taxonomy":"post_tag","embeddable":true,"href":"https:\/\/www.museojudiobejar.com\/en\/wp-json\/wp\/v2\/tags?post=12821"}],"curies":[{"name":"wp","href":"https:\/\/api.w.org\/{rel}","templated":true}]}}