{"id":12774,"date":"2019-10-31T15:33:10","date_gmt":"2019-10-31T13:33:10","guid":{"rendered":"http:\/\/www.museojudiobejar.com\/?p=12774"},"modified":"2019-11-04T19:02:44","modified_gmt":"2019-11-04T17:02:44","slug":"comienza-senalizacion-turistica-red-juderias","status":"publish","type":"post","link":"https:\/\/www.museojudiobejar.com\/en\/2019\/10\/comienza-senalizacion-turistica-red-juderias\/","title":{"rendered":"Comienza la se\u00f1alizaci\u00f3n tur\u00edstica de la Red de Juder\u00edas en B\u00e9jar"},"content":{"rendered":"\n<p>La reciente <a rel=\"noreferrer noopener\" aria-label=\"incorporaci\u00f3n de B\u00e9jar a la Red de Juder\u00edas Espa\u00f1olas (abre en una nueva pesta\u00f1a)\" href=\"http:\/\/www.museojudiobejar.com\/2019\/10\/bejar-incorpora-red-juderias-espana-2\/\" target=\"_blank\">incorporaci\u00f3n de B\u00e9jar a la Red de Juder\u00edas Espa\u00f1olas<\/a> comienza a hacerse notar con la primera de las acciones programadas para dar visibilidad el pasado jud\u00edo de la ciudad. Se trata de la particular se\u00f1alizaci\u00f3n con la que la red distingue a las localidades que forman parte de ella, y que consiste en unas placas met\u00e1licas con la forma de la pen\u00ednsula ib\u00e9rica dise\u00f1ado con las letras de la palabra Sefarad en hebreo y en relieve. <\/p>\n\n\n\n<p>Estas placas se incrustan en el pavimento en lugares destacados, lo que permite reconocer a los caminantes que se encuentran en una localidad que forma parte de la Red de Juder\u00edas de Espa\u00f1a.<\/p>\n\n\n\n<div class=\"wp-block-image\"><figure class=\"alignleft\"><img decoding=\"async\" width=\"648\" height=\"599\" src=\"http:\/\/www.museojudiobejar.com\/wp-content\/uploads\/2019\/10\/648px-Caminos_de_Sefarad.jpg\" alt=\"\" class=\"wp-image-12775\" srcset=\"https:\/\/www.museojudiobejar.com\/wp-content\/uploads\/2019\/10\/648px-Caminos_de_Sefarad-200x185.jpg 200w, https:\/\/www.museojudiobejar.com\/wp-content\/uploads\/2019\/10\/648px-Caminos_de_Sefarad-300x277.jpg 300w, https:\/\/www.museojudiobejar.com\/wp-content\/uploads\/2019\/10\/648px-Caminos_de_Sefarad-400x370.jpg 400w, https:\/\/www.museojudiobejar.com\/wp-content\/uploads\/2019\/10\/648px-Caminos_de_Sefarad-600x555.jpg 600w, https:\/\/www.museojudiobejar.com\/wp-content\/uploads\/2019\/10\/648px-Caminos_de_Sefarad.jpg 648w\" sizes=\"(max-width: 648px) 100vw, 648px\" \/><\/figure><\/div>\n\n\n\n<p>Esta semana, el concejal de Turismo de B\u00e9jar, Jose Mar\u00eda Mu\u00f1oz Acha, se ha reunido con el director del Museo Jud\u00edo David Melul, Antonio Avil\u00e9s, y su responsable t\u00e9cnica, Carmen Rubio, para disponer los lugares en los que van a instalarse las seis placas que le corresponden a la ciudad, y que se ubicar\u00e1n en el Barrio de La Antigua (frente al parque, en el final de la calle Rodr\u00edguez Vidal y junto al museo), Plaza Mayor, Portales de Pizarro y Barrionuevo. <\/p>\n\n\n\n<p>Los lugares seleccionados se corresponden con espacios vinculados al pasado hebreo de la ciudad.<\/p>\n","protected":false},"excerpt":{"rendered":"<p>La reciente incorporaci\u00f3n de B\u00e9jar a la Red de Juder\u00edas Espa\u00f1olas comienza a hacerse notar con la primera de las acciones programadas para dar visibilidad el pasado jud\u00edo de la ciudad. Se trata de la particular se\u00f1alizaci\u00f3n con la que la red distingue a las localidades que forman parte de ella, y que consiste en<\/p>\n","protected":false},"author":2,"featured_media":12770,"comment_status":"closed","ping_status":"closed","sticky":false,"template":"","format":"standard","meta":{"footnotes":""},"categories":[1,39],"tags":[232],"class_list":["post-12774","post","type-post","status-publish","format-standard","has-post-thumbnail","hentry","category-actualidad","category-noticias","tag-red-juderias"],"_links":{"self":[{"href":"https:\/\/www.museojudiobejar.com\/en\/wp-json\/wp\/v2\/posts\/12774","targetHints":{"allow":["GET"]}}],"collection":[{"href":"https:\/\/www.museojudiobejar.com\/en\/wp-json\/wp\/v2\/posts"}],"about":[{"href":"https:\/\/www.museojudiobejar.com\/en\/wp-json\/wp\/v2\/types\/post"}],"author":[{"embeddable":true,"href":"https:\/\/www.museojudiobejar.com\/en\/wp-json\/wp\/v2\/users\/2"}],"replies":[{"embeddable":true,"href":"https:\/\/www.museojudiobejar.com\/en\/wp-json\/wp\/v2\/comments?post=12774"}],"version-history":[{"count":3,"href":"https:\/\/www.museojudiobejar.com\/en\/wp-json\/wp\/v2\/posts\/12774\/revisions"}],"predecessor-version":[{"id":12779,"href":"https:\/\/www.museojudiobejar.com\/en\/wp-json\/wp\/v2\/posts\/12774\/revisions\/12779"}],"wp:featuredmedia":[{"embeddable":true,"href":"https:\/\/www.museojudiobejar.com\/en\/wp-json\/wp\/v2\/media\/12770"}],"wp:attachment":[{"href":"https:\/\/www.museojudiobejar.com\/en\/wp-json\/wp\/v2\/media?parent=12774"}],"wp:term":[{"taxonomy":"category","embeddable":true,"href":"https:\/\/www.museojudiobejar.com\/en\/wp-json\/wp\/v2\/categories?post=12774"},{"taxonomy":"post_tag","embeddable":true,"href":"https:\/\/www.museojudiobejar.com\/en\/wp-json\/wp\/v2\/tags?post=12774"}],"curies":[{"name":"wp","href":"https:\/\/api.w.org\/{rel}","templated":true}]}}