{"id":12748,"date":"2019-08-23T01:11:13","date_gmt":"2019-08-22T23:11:13","guid":{"rendered":"http:\/\/www.museojudiobejar.com\/?p=12748"},"modified":"2019-08-23T09:33:29","modified_gmt":"2019-08-23T07:33:29","slug":"museo-david-melul-abre-puertas-durante-noche","status":"publish","type":"post","link":"https:\/\/www.museojudiobejar.com\/en\/2019\/08\/museo-david-melul-abre-puertas-durante-noche\/","title":{"rendered":"El Museo David Melul abre sus puertas durante la noche"},"content":{"rendered":"\n<p>El Museo Jud\u00edo David Merlul de B\u00e9jar participa en <em>Museos en Vela<\/em>, la iniciativa del Ayuntamiento que facilita la visita a nuestro museo y al Mateo Hern\u00e1ndez por la noche. Ser\u00e1 el <strong>viernes 23 de agosto desde las 22 hasta la media noche<\/strong>, con entrada gratuita. A las 22.15 y a ls 23.15 se ofrecer\u00e1n visitas guiadas.<\/p>\n\n\n\n<p><a href=\"https:\/\/www.aytobejar.com\/actividades-culturales-noche-del-viernes-23-de-agosto\/\" target=\"_blank\" rel=\"noreferrer noopener\" aria-label=\"No ser\u00e1 la \u00fanica actividad programada por el ayuntamiento (abre en una nueva pesta\u00f1a)\">No ser\u00e1 la \u00fanica actividad programada por el ayuntamiento<\/a>, ya que tambi\u00e9n se ha previsto que los comercios de la Calle Mayor de B\u00e9jar pemanezcan abiertos en horario nocturno.<\/p>\n\n\n\n<p>El Museo David Melul ha participado  hasta la fecha en todas las ediciones de <em>La Noche en Blanco<\/em> que han precedido a esta actividad. <\/p>\n\n\n\n\n\n<p><\/p>\n","protected":false},"excerpt":{"rendered":"<p>El Museo Jud\u00edo David Merlul de B\u00e9jar participa en Museos en Vela, la iniciativa del Ayuntamiento que facilita la visita a nuestro museo y al Mateo Hern\u00e1ndez por la noche. Ser\u00e1 el viernes 23 de agosto desde las 22 hasta la media noche, con entrada gratuita. A las 22.15 y a ls 23.15 se ofrecer\u00e1n<\/p>\n","protected":false},"author":2,"featured_media":12749,"comment_status":"closed","ping_status":"closed","sticky":false,"template":"","format":"standard","meta":{"footnotes":""},"categories":[1,39],"tags":[144],"class_list":["post-12748","post","type-post","status-publish","format-standard","has-post-thumbnail","hentry","category-actualidad","category-noticias","tag-noche-blanco"],"_links":{"self":[{"href":"https:\/\/www.museojudiobejar.com\/en\/wp-json\/wp\/v2\/posts\/12748","targetHints":{"allow":["GET"]}}],"collection":[{"href":"https:\/\/www.museojudiobejar.com\/en\/wp-json\/wp\/v2\/posts"}],"about":[{"href":"https:\/\/www.museojudiobejar.com\/en\/wp-json\/wp\/v2\/types\/post"}],"author":[{"embeddable":true,"href":"https:\/\/www.museojudiobejar.com\/en\/wp-json\/wp\/v2\/users\/2"}],"replies":[{"embeddable":true,"href":"https:\/\/www.museojudiobejar.com\/en\/wp-json\/wp\/v2\/comments?post=12748"}],"version-history":[{"count":7,"href":"https:\/\/www.museojudiobejar.com\/en\/wp-json\/wp\/v2\/posts\/12748\/revisions"}],"predecessor-version":[{"id":12761,"href":"https:\/\/www.museojudiobejar.com\/en\/wp-json\/wp\/v2\/posts\/12748\/revisions\/12761"}],"wp:featuredmedia":[{"embeddable":true,"href":"https:\/\/www.museojudiobejar.com\/en\/wp-json\/wp\/v2\/media\/12749"}],"wp:attachment":[{"href":"https:\/\/www.museojudiobejar.com\/en\/wp-json\/wp\/v2\/media?parent=12748"}],"wp:term":[{"taxonomy":"category","embeddable":true,"href":"https:\/\/www.museojudiobejar.com\/en\/wp-json\/wp\/v2\/categories?post=12748"},{"taxonomy":"post_tag","embeddable":true,"href":"https:\/\/www.museojudiobejar.com\/en\/wp-json\/wp\/v2\/tags?post=12748"}],"curies":[{"name":"wp","href":"https:\/\/api.w.org\/{rel}","templated":true}]}}