{"id":12704,"date":"2019-03-28T21:28:37","date_gmt":"2019-03-28T19:28:37","guid":{"rendered":"http:\/\/www.museojudiobejar.com\/?p=12704"},"modified":"2019-03-28T21:28:37","modified_gmt":"2019-03-28T19:28:37","slug":"bejar-incorpora-red-juderias-espana","status":"publish","type":"post","link":"https:\/\/www.museojudiobejar.com\/en\/2019\/03\/bejar-incorpora-red-juderias-espana\/","title":{"rendered":"B\u00e9jar se incorpora a la Red de Juder\u00edas de Espa\u00f1a"},"content":{"rendered":"<p>La ciudad de B\u00e9jar ya forma parte de la Red de Juder\u00edas de Espa\u00f1a, Caminos de Sefarad, una asociaci\u00f3n que agrupa a 22 municipios del pa\u00eds que cuentan con un <a href=\"http:\/\/www.museojudiobejar.com\/judios-bejar\/\" target=\"_blank\" rel=\"noopener\">pasado jud\u00edo demostrable<\/a>, y que unen sus esfuerzos por hacer de esa parte de su historia un motor cultural y tur\u00edstico diferenciador.<\/p>\n<p>A pesar de que la ciudad cuenta con <a href=\"http:\/\/www.museojudiobejar.com\/\" target=\"_blank\" rel=\"noopener\">uno de los museos jud\u00edos m\u00e1s antiguos del Oeste de Espa\u00f1a<\/a>, y de la cercan\u00eda con uno de municipios promotores de la red, Herv\u00e1s, no fue hasta hace tres a\u00f1os cuando se inici\u00f3 el proceso de ingreso, que ha culminado con \u00e9xito.<\/p>\n<p>El Ayuntamiento de B\u00e9jar, con la colaboraci\u00f3n del museo, present\u00f3 su candidatura, que defendi\u00f3 en Madrid, y recibi\u00f3 el pasado mes de febrero la visita de una comisi\u00f3n de la red. Junto a B\u00e9jar se incorporan ahora las localidades de Lorca (Murcia), Sagunto (Valencia) y Tui (Pontevedra). Las cuatro se suman a los municipios que compon\u00edan la red hasta el momento: \u00c1vila, Barcelona, C\u00e1ceres, Calahorra, C\u00f3rdoba, Estella-Lizarra, Herv\u00e1s, Ja\u00e9n, Le\u00f3n, Lucena, Monforte de Lemos, Oviedo, Plasencia, Ribadavia, Segovia, Tarazona, Toledo y Tudela.<\/p>\n<p>La Red de Juder\u00edas de Espa\u00f1a mantiene una actividad constante para dar a conocer el patromonio jud\u00edo y las propuestas culturales de sus miembros, tanto en Espa\u00f1a como en otros pa\u00edses.<\/p>\n<p>M\u00e1s informaci\u00f3n sobre la <a href=\"https:\/\/www.redjuderias.org\/\" target=\"_blank\" rel=\"noopener\">Red de Juder\u00edas de Espa\u00f1a<\/a>.<\/p>\n","protected":false},"excerpt":{"rendered":"<p>La ciudad de B\u00e9jar ya forma parte de la Red de Juder\u00edas de Espa\u00f1a, Caminos de Sefarad, una asociaci\u00f3n que agrupa a 22 municipios del pa\u00eds que cuentan con un pasado jud\u00edo demostrable, y que unen sus esfuerzos por hacer de esa parte de su historia un motor cultural y tur\u00edstico diferenciador. A pesar de<\/p>\n","protected":false},"author":2,"featured_media":11056,"comment_status":"closed","ping_status":"closed","sticky":false,"template":"","format":"standard","meta":{"footnotes":""},"categories":[1,39],"tags":[51,233,232],"class_list":["post-12704","post","type-post","status-publish","format-standard","has-post-thumbnail","hentry","category-actualidad","category-noticias","tag-bejar","tag-caminos-sefarad","tag-red-juderias"],"_links":{"self":[{"href":"https:\/\/www.museojudiobejar.com\/en\/wp-json\/wp\/v2\/posts\/12704","targetHints":{"allow":["GET"]}}],"collection":[{"href":"https:\/\/www.museojudiobejar.com\/en\/wp-json\/wp\/v2\/posts"}],"about":[{"href":"https:\/\/www.museojudiobejar.com\/en\/wp-json\/wp\/v2\/types\/post"}],"author":[{"embeddable":true,"href":"https:\/\/www.museojudiobejar.com\/en\/wp-json\/wp\/v2\/users\/2"}],"replies":[{"embeddable":true,"href":"https:\/\/www.museojudiobejar.com\/en\/wp-json\/wp\/v2\/comments?post=12704"}],"version-history":[{"count":3,"href":"https:\/\/www.museojudiobejar.com\/en\/wp-json\/wp\/v2\/posts\/12704\/revisions"}],"predecessor-version":[{"id":12707,"href":"https:\/\/www.museojudiobejar.com\/en\/wp-json\/wp\/v2\/posts\/12704\/revisions\/12707"}],"wp:featuredmedia":[{"embeddable":true,"href":"https:\/\/www.museojudiobejar.com\/en\/wp-json\/wp\/v2\/media\/11056"}],"wp:attachment":[{"href":"https:\/\/www.museojudiobejar.com\/en\/wp-json\/wp\/v2\/media?parent=12704"}],"wp:term":[{"taxonomy":"category","embeddable":true,"href":"https:\/\/www.museojudiobejar.com\/en\/wp-json\/wp\/v2\/categories?post=12704"},{"taxonomy":"post_tag","embeddable":true,"href":"https:\/\/www.museojudiobejar.com\/en\/wp-json\/wp\/v2\/tags?post=12704"}],"curies":[{"name":"wp","href":"https:\/\/api.w.org\/{rel}","templated":true}]}}