{"id":12416,"date":"2019-01-30T23:57:40","date_gmt":"2019-01-30T21:57:40","guid":{"rendered":"http:\/\/www.museojudiobejar.com\/?p=12416"},"modified":"2019-01-31T19:39:50","modified_gmt":"2019-01-31T17:39:50","slug":"museo-judio-bejar-consolida-crecimiento-visitantes-2018","status":"publish","type":"post","link":"https:\/\/www.museojudiobejar.com\/en\/2019\/01\/museo-judio-bejar-consolida-crecimiento-visitantes-2018\/","title":{"rendered":"El Museo Jud\u00edo de B\u00e9jar consolida su crecimiento con m\u00e1s visitantes en 2018"},"content":{"rendered":"<p>El cierre de las estad\u00edsticas de visitantes en 2018 arroja buenos resultados para el Museo Jud\u00edo David Melul de B\u00e9jar, que sum\u00f3 un total de 2.927. Octubre, con 378, es el mes que registr\u00f3 m\u00e1s visitas.<\/p>\n<p>La cifra global, <a href=\"http:\/\/www.museojudiobejar.com\/2018\/01\/museo-judio-bejar-sigue-creciendo-4-visitantes-2017\/\" target=\"_blank\" rel=\"noopener\">que supera a la obtenida en 2017 en un 1\u20198%<\/a>, consolida la trayectoria ascendente del museo bejarano, que cuenta con un 13% de visitantes extranjeros, muy por encima de los espacios expositivos de B\u00e9jar y de la provincia de Salamanca.<\/p>\n<p>De los for\u00e1neos destacan, un a\u00f1o m\u00e1s, los turistas procedentes de Israel (218) que suelen visitar el Museo Jud\u00edo de B\u00e9jar en grupos organizados. Tras ellos se sit\u00faan en el ranking de for\u00e1neos portugueses (39), estadounidenses (24) y mexicanos (20).<\/p>\n<p>Entre los espa\u00f1oles, los m\u00e1s numerosos son los visitantes de Castilla y Le\u00f3n, que suman 888, seguidos por madrile\u00f1os (455), extreme\u00f1os (260) y andaluces (216).<\/p>\n<p>Muchas de las visitas que se registran son en grupos, bien mediante empresas especializadas o bien a trav\u00e9s de centros educativos y asociaciones. Pero como todos los a\u00f1os llama la atenci\u00f3n la presencia de descendientes de jud\u00edos que, apellidos B\u00e9jar, Bejarano, visitan el museo por su cuenta buscando sus ra\u00edces. Entre estos, en 2018 destac\u00f3 la de la escritora mexicana <strong>Sophie Bejarano<\/strong>, que conoci\u00f3 el museo el d\u00eda 10 de junio acompa\u00f1ada de su familia e hizo una generosa donaci\u00f3n de materiales impresos para su colecci\u00f3n.<\/p>\n","protected":false},"excerpt":{"rendered":"<p>El cierre de las estad\u00edsticas de visitantes en 2018 arroja buenos resultados para el Museo Jud\u00edo David Melul de B\u00e9jar, que sum\u00f3 un total de 2.927. Octubre, con 378, es el mes que registr\u00f3 m\u00e1s visitas. La cifra global, que supera a la obtenida en 2017 en un 1\u20198%, consolida la trayectoria ascendente del museo<\/p>\n","protected":false},"author":2,"featured_media":11207,"comment_status":"closed","ping_status":"closed","sticky":false,"template":"","format":"standard","meta":{"footnotes":""},"categories":[1,39],"tags":[227,135,68],"class_list":["post-12416","post","type-post","status-publish","format-standard","has-post-thumbnail","hentry","category-actualidad","category-noticias","tag-sophie-bejarano","tag-visitantes","tag-visitas"],"_links":{"self":[{"href":"https:\/\/www.museojudiobejar.com\/en\/wp-json\/wp\/v2\/posts\/12416","targetHints":{"allow":["GET"]}}],"collection":[{"href":"https:\/\/www.museojudiobejar.com\/en\/wp-json\/wp\/v2\/posts"}],"about":[{"href":"https:\/\/www.museojudiobejar.com\/en\/wp-json\/wp\/v2\/types\/post"}],"author":[{"embeddable":true,"href":"https:\/\/www.museojudiobejar.com\/en\/wp-json\/wp\/v2\/users\/2"}],"replies":[{"embeddable":true,"href":"https:\/\/www.museojudiobejar.com\/en\/wp-json\/wp\/v2\/comments?post=12416"}],"version-history":[{"count":5,"href":"https:\/\/www.museojudiobejar.com\/en\/wp-json\/wp\/v2\/posts\/12416\/revisions"}],"predecessor-version":[{"id":12421,"href":"https:\/\/www.museojudiobejar.com\/en\/wp-json\/wp\/v2\/posts\/12416\/revisions\/12421"}],"wp:featuredmedia":[{"embeddable":true,"href":"https:\/\/www.museojudiobejar.com\/en\/wp-json\/wp\/v2\/media\/11207"}],"wp:attachment":[{"href":"https:\/\/www.museojudiobejar.com\/en\/wp-json\/wp\/v2\/media?parent=12416"}],"wp:term":[{"taxonomy":"category","embeddable":true,"href":"https:\/\/www.museojudiobejar.com\/en\/wp-json\/wp\/v2\/categories?post=12416"},{"taxonomy":"post_tag","embeddable":true,"href":"https:\/\/www.museojudiobejar.com\/en\/wp-json\/wp\/v2\/tags?post=12416"}],"curies":[{"name":"wp","href":"https:\/\/api.w.org\/{rel}","templated":true}]}}