{"id":12346,"date":"2018-05-05T09:37:59","date_gmt":"2018-05-05T07:37:59","guid":{"rendered":"http:\/\/www.museojudiobejar.com\/?p=12346"},"modified":"2018-05-05T09:37:59","modified_gmt":"2018-05-05T07:37:59","slug":"caminar-traves-cinco-siglos-historia-buena-causa","status":"publish","type":"post","link":"https:\/\/www.museojudiobejar.com\/en\/2018\/05\/caminar-traves-cinco-siglos-historia-buena-causa\/","title":{"rendered":"Caminar a trav\u00e9s de cinco siglos de historia por una buena causa"},"content":{"rendered":"<p>El Museo David Melul de B\u00e9jar recordar\u00e1 la salida de los jud\u00edos de la ciudad en 1492 con una marcha senderista, que unir\u00e1 la localidad de B\u00e9jar con La Calzada el domingo 6 de mayo, a trav\u00e9s de un recorrido de casi 14 kil\u00f3metros que transita por zonas de gran valor medioambiental, hist\u00f3rico y cultural.<\/p>\n<p>La Salamanquesa, nombre oficial de la marcha, es una iniciativa del museo surgida en 2016 para recordar el camino de los jud\u00edos expulsados en 1492. Para rememorar el \u00e9xodo, se eligi\u00f3 una ruta que une la entonces villa de B\u00e9jar con el peque\u00f1o pueblo de La Calzada, hacia el oeste, y por tanto primera parada de los jud\u00edos bejaranos en su viaje de exilio hacia la cercana Portugal.<\/p>\n<p><a href=\"http:\/\/www.museojudiobejar.com\/wp-content\/uploads\/2017\/03\/IMG_20170226_105616299-e1525190288748.jpg\" target=\"_blank\" rel=\"noopener\"><img decoding=\"async\" class=\"alignleft wp-image-12056 size-medium\" src=\"http:\/\/www.museojudiobejar.com\/wp-content\/uploads\/2017\/03\/IMG_20170226_105616299-169x300.jpg\" alt=\"\" width=\"169\" height=\"300\" \/><\/a>Pero hay otra raz\u00f3n que pone este peque\u00f1o municipio en el mapa del juda\u00edsmo local: La presencia de Isabel Gonz\u00e1lez, jud\u00eda conversa que fue juzgada por la Inquisici\u00f3n en 1494 y cuyo sobrenombre, La Salamanquesa, da nombre a la marcha. El expediente de su proceso, conservado incompleto, puede consultarse en el Archivo de Simancas.<\/p>\n<p>La tercera edici\u00f3n de la marcha, que en a\u00f1os anteriores ha congregado a numerosos caminantes de la zona de B\u00e9jar, pero tambi\u00e9n de Salamanca, \u00c1vila, Plasencia, Madrid y otras localidades, a\u00f1ade en esta ocasi\u00f3n una causa solidaria a la caminata, ya que una parte de los fondos recaudados (1 euro por persona inscrita) se entregar\u00e1 a la familia de Andrea Guijo Puertas, <a href=\"https:\/\/elviajedeandrea.es\/\" target=\"_blank\" rel=\"noopener\">una joven bejarana que desde hace a\u00f1os recibe tratamiento de un c\u00e1ncer infantil en Barcelona<\/a>.<\/p>\n<p><a href=\"http:\/\/www.museojudiobejar.com\/wp-content\/uploads\/2018\/05\/PARA-WEB-IMG_20170226_150905665.jpg\" target=\"_blank\" rel=\"noopener\"><img decoding=\"async\" class=\"alignright wp-image-12349 size-medium\" src=\"http:\/\/www.museojudiobejar.com\/wp-content\/uploads\/2018\/05\/PARA-WEB-IMG_20170226_150905665-300x169.jpg\" alt=\"\" width=\"300\" height=\"169\" srcset=\"https:\/\/www.museojudiobejar.com\/wp-content\/uploads\/2018\/05\/PARA-WEB-IMG_20170226_150905665-200x113.jpg 200w, https:\/\/www.museojudiobejar.com\/wp-content\/uploads\/2018\/05\/PARA-WEB-IMG_20170226_150905665-300x169.jpg 300w, https:\/\/www.museojudiobejar.com\/wp-content\/uploads\/2018\/05\/PARA-WEB-IMG_20170226_150905665-400x225.jpg 400w, https:\/\/www.museojudiobejar.com\/wp-content\/uploads\/2018\/05\/PARA-WEB-IMG_20170226_150905665-600x338.jpg 600w, https:\/\/www.museojudiobejar.com\/wp-content\/uploads\/2018\/05\/PARA-WEB-IMG_20170226_150905665-768x432.jpg 768w, https:\/\/www.museojudiobejar.com\/wp-content\/uploads\/2018\/05\/PARA-WEB-IMG_20170226_150905665-800x450.jpg 800w, https:\/\/www.museojudiobejar.com\/wp-content\/uploads\/2018\/05\/PARA-WEB-IMG_20170226_150905665.jpg 1024w\" sizes=\"(max-width: 300px) 100vw, 300px\" \/><\/a>La Salamanquesa est\u00e1 organizada conjuntamente por el Museo Jud\u00edo David Melul y el Ayuntamiento de B\u00e9jar, y cuenta con la colaboraci\u00f3n del Club de Monta\u00f1eros Sierra de B\u00e9jar, el Grupo Bejarano de Monta\u00f1a y el Grupo Candelariense de Monta\u00f1a.<\/p>\n<p>El coste de esta actividad es de 6 euros, que dar\u00e1 derecho a realizar la marcha con el grupo, la cobertura de los seguros de responsabilidad civil y de actividades deportivas, la obtenci\u00f3n de una mochila conmemorativa, una botella peque\u00f1a de agua y una visita guiada al museo esa misma tarde.<\/p>\n<p>La hora de salida son las 09.30 del domingo 6 de mayo desde la puerta del Museo Jud\u00edo de B\u00e9jar. La llegada, a ese mismo punto, est\u00e1 prevista a las 14.30 horas.<\/p>\n<p><a href=\"http:\/\/www.museojudiobejar.com\/wp-content\/uploads\/2018\/05\/PARA-WEB-IMG_2517.jpg\" target=\"_blank\" rel=\"noopener\"><img decoding=\"async\" class=\"aligncenter wp-image-12350 size-medium\" src=\"http:\/\/www.museojudiobejar.com\/wp-content\/uploads\/2018\/05\/PARA-WEB-IMG_2517-300x200.jpg\" alt=\"\" width=\"300\" height=\"200\" srcset=\"https:\/\/www.museojudiobejar.com\/wp-content\/uploads\/2018\/05\/PARA-WEB-IMG_2517-200x133.jpg 200w, https:\/\/www.museojudiobejar.com\/wp-content\/uploads\/2018\/05\/PARA-WEB-IMG_2517-300x200.jpg 300w, https:\/\/www.museojudiobejar.com\/wp-content\/uploads\/2018\/05\/PARA-WEB-IMG_2517-400x267.jpg 400w, https:\/\/www.museojudiobejar.com\/wp-content\/uploads\/2018\/05\/PARA-WEB-IMG_2517-600x400.jpg 600w, https:\/\/www.museojudiobejar.com\/wp-content\/uploads\/2018\/05\/PARA-WEB-IMG_2517-768x512.jpg 768w, https:\/\/www.museojudiobejar.com\/wp-content\/uploads\/2018\/05\/PARA-WEB-IMG_2517-800x534.jpg 800w, https:\/\/www.museojudiobejar.com\/wp-content\/uploads\/2018\/05\/PARA-WEB-IMG_2517.jpg 1024w\" sizes=\"(max-width: 300px) 100vw, 300px\" \/><\/a><\/p>\n","protected":false},"excerpt":{"rendered":"<p>El Museo David Melul de B\u00e9jar recordar\u00e1 la salida de los jud\u00edos de la ciudad en 1492 con una marcha senderista, que unir\u00e1 la localidad de B\u00e9jar con La Calzada el domingo 6 de mayo, a trav\u00e9s de un recorrido de casi 14 kil\u00f3metros que transita por zonas de gran valor medioambiental, hist\u00f3rico y cultural.<\/p>\n","protected":false},"author":2,"featured_media":12347,"comment_status":"closed","ping_status":"closed","sticky":false,"template":"","format":"standard","meta":{"footnotes":""},"categories":[1,39],"tags":[100,101,98],"class_list":["post-12346","post","type-post","status-publish","format-standard","has-post-thumbnail","hentry","category-actualidad","category-noticias","tag-calzada-bejar","tag-salamanquesa","tag-senderismo"],"_links":{"self":[{"href":"https:\/\/www.museojudiobejar.com\/en\/wp-json\/wp\/v2\/posts\/12346","targetHints":{"allow":["GET"]}}],"collection":[{"href":"https:\/\/www.museojudiobejar.com\/en\/wp-json\/wp\/v2\/posts"}],"about":[{"href":"https:\/\/www.museojudiobejar.com\/en\/wp-json\/wp\/v2\/types\/post"}],"author":[{"embeddable":true,"href":"https:\/\/www.museojudiobejar.com\/en\/wp-json\/wp\/v2\/users\/2"}],"replies":[{"embeddable":true,"href":"https:\/\/www.museojudiobejar.com\/en\/wp-json\/wp\/v2\/comments?post=12346"}],"version-history":[{"count":3,"href":"https:\/\/www.museojudiobejar.com\/en\/wp-json\/wp\/v2\/posts\/12346\/revisions"}],"predecessor-version":[{"id":12352,"href":"https:\/\/www.museojudiobejar.com\/en\/wp-json\/wp\/v2\/posts\/12346\/revisions\/12352"}],"wp:featuredmedia":[{"embeddable":true,"href":"https:\/\/www.museojudiobejar.com\/en\/wp-json\/wp\/v2\/media\/12347"}],"wp:attachment":[{"href":"https:\/\/www.museojudiobejar.com\/en\/wp-json\/wp\/v2\/media?parent=12346"}],"wp:term":[{"taxonomy":"category","embeddable":true,"href":"https:\/\/www.museojudiobejar.com\/en\/wp-json\/wp\/v2\/categories?post=12346"},{"taxonomy":"post_tag","embeddable":true,"href":"https:\/\/www.museojudiobejar.com\/en\/wp-json\/wp\/v2\/tags?post=12346"}],"curies":[{"name":"wp","href":"https:\/\/api.w.org\/{rel}","templated":true}]}}