{"id":12340,"date":"2018-04-26T00:20:23","date_gmt":"2018-04-25T22:20:23","guid":{"rendered":"http:\/\/www.museojudiobejar.com\/?p=12340"},"modified":"2018-04-26T20:35:53","modified_gmt":"2018-04-26T18:35:53","slug":"judios-noruegos-visitan-museo-david-melul","status":"publish","type":"post","link":"https:\/\/www.museojudiobejar.com\/en\/2018\/04\/judios-noruegos-visitan-museo-david-melul\/","title":{"rendered":"Jud\u00edos noruegos visitan el Museo David Melul"},"content":{"rendered":"<p>Un grupo de jud\u00edos noruegos ha visitado esta semana el Museo David Melul de B\u00e9jar. Los 12 integrantes de la expedici\u00f3n llegaron hasta nuestro museo en un viaje organizado a trav\u00e9s del que recorren Espa\u00f1a, con mucho inter\u00e9s por conocer el pasado hebreo de B\u00e9jar y su \u00e1rea de influencia.<\/p>\n<p>De esta forma, adem\u00e1s de recorrer el David Melul de la mano de su director, Antonio Avil\u00e9s, el grupo se acerc\u00f3 despu\u00e9s hasta Candelario, donde disfrutaron de la arquitectura serrana y del entorno natural de la villa. Y remataron suy presencia en la zona con una visita a la juder\u00eda de Herv\u00e1s, donde tuvieron la oportunidad de conocer y charlar con una familia jud\u00eda que reside en el municipio cacere\u00f1o.<\/p>\n<p>El David Melul es el m\u00e1s internacional de los museos bejaranos. <a href=\"http:\/\/www.museojudiobejar.com\/2018\/01\/museo-judio-bejar-sigue-creciendo-4-visitantes-2017\/\" target=\"_blank\" rel=\"noopener\">Solo el a\u00f1o pasado pasaron por sus salas m\u00e1s de 400 visitantes de otros pa\u00edses<\/a>, lo que supone m\u00e1s del 15% del total.<\/p>\n","protected":false},"excerpt":{"rendered":"<p>Un grupo de jud\u00edos noruegos ha visitado esta semana el Museo David Melul de B\u00e9jar. Los 12 integrantes de la expedici\u00f3n llegaron hasta nuestro museo en un viaje organizado a trav\u00e9s del que recorren Espa\u00f1a, con mucho inter\u00e9s por conocer el pasado hebreo de B\u00e9jar y su \u00e1rea de influencia. De esta forma, adem\u00e1s de<\/p>\n","protected":false},"author":2,"featured_media":12341,"comment_status":"closed","ping_status":"closed","sticky":false,"template":"","format":"standard","meta":{"footnotes":""},"categories":[1,39],"tags":[85,86,69,219,220],"class_list":["post-12340","post","type-post","status-publish","format-standard","has-post-thumbnail","hentry","category-actualidad","category-noticias","tag-candelario","tag-hervas","tag-judios","tag-noruega","tag-sefarditas"],"_links":{"self":[{"href":"https:\/\/www.museojudiobejar.com\/en\/wp-json\/wp\/v2\/posts\/12340","targetHints":{"allow":["GET"]}}],"collection":[{"href":"https:\/\/www.museojudiobejar.com\/en\/wp-json\/wp\/v2\/posts"}],"about":[{"href":"https:\/\/www.museojudiobejar.com\/en\/wp-json\/wp\/v2\/types\/post"}],"author":[{"embeddable":true,"href":"https:\/\/www.museojudiobejar.com\/en\/wp-json\/wp\/v2\/users\/2"}],"replies":[{"embeddable":true,"href":"https:\/\/www.museojudiobejar.com\/en\/wp-json\/wp\/v2\/comments?post=12340"}],"version-history":[{"count":3,"href":"https:\/\/www.museojudiobejar.com\/en\/wp-json\/wp\/v2\/posts\/12340\/revisions"}],"predecessor-version":[{"id":12344,"href":"https:\/\/www.museojudiobejar.com\/en\/wp-json\/wp\/v2\/posts\/12340\/revisions\/12344"}],"wp:featuredmedia":[{"embeddable":true,"href":"https:\/\/www.museojudiobejar.com\/en\/wp-json\/wp\/v2\/media\/12341"}],"wp:attachment":[{"href":"https:\/\/www.museojudiobejar.com\/en\/wp-json\/wp\/v2\/media?parent=12340"}],"wp:term":[{"taxonomy":"category","embeddable":true,"href":"https:\/\/www.museojudiobejar.com\/en\/wp-json\/wp\/v2\/categories?post=12340"},{"taxonomy":"post_tag","embeddable":true,"href":"https:\/\/www.museojudiobejar.com\/en\/wp-json\/wp\/v2\/tags?post=12340"}],"curies":[{"name":"wp","href":"https:\/\/api.w.org\/{rel}","templated":true}]}}