{"id":12228,"date":"2018-02-03T12:35:37","date_gmt":"2018-02-03T10:35:37","guid":{"rendered":"http:\/\/www.museojudiobejar.com\/?p=12228"},"modified":"2018-02-26T14:03:36","modified_gmt":"2018-02-26T12:03:36","slug":"exposicion-revistas-infantiles-franquistas-africa","status":"publish","type":"post","link":"https:\/\/www.museojudiobejar.com\/en\/2018\/02\/exposicion-revistas-infantiles-franquistas-africa\/","title":{"rendered":"Exposici\u00f3n de revistas infantiles sobre la visi\u00f3n franquista de \u00c1frica"},"content":{"rendered":"<p>El Museo Jud\u00edo David Melul de B\u00e9jar acoge en febrero una exposici\u00f3n titulada &#8220;Revistas sobre \u00c1frica para ni\u00f1os del franquismo&#8221;. La muestra, que podr\u00e1 visitarse hasta el 28 del mes <a href=\"http:\/\/www.museojudiobejar.com\/horario\/\" target=\"_blank\">en el horario habitual del museo<\/a>, <strong>ser\u00e1 inaugurada el d\u00eda 8 con una conferencia de Jos\u00e9 Mar\u00eda Hern\u00e1ndez D\u00edaz, catedr\u00e1tico de Historia de las Educaci\u00f3n en la Universidad de Salamanca<\/strong>, con la conferencia &#8220;Revistas infantiles y libros escolares&#8221;, que ofrecer\u00e1 a partir de las 19:30 horas.<\/p>\n<p>La exposici\u00f3n propone un recorrido por numerosas publicaciones orientadas al p\u00fablico infantil que se editaron durante la dictadura en Espa\u00f1a, todas con tem\u00e1tica africana y en formato de novela ilustrada o c\u00f3mic.<\/p>\n<p><a href=\"http:\/\/www.museojudiobejar.com\/wp-content\/uploads\/2018\/02\/Aventura-en-el-Congo.jpg\"><img decoding=\"async\" class=\" size-medium wp-image-12229 alignleft\" src=\"http:\/\/www.museojudiobejar.com\/wp-content\/uploads\/2018\/02\/Aventura-en-el-Congo-300x209.jpg\" alt=\"Aventura en el Congo\" width=\"300\" height=\"209\" srcset=\"https:\/\/www.museojudiobejar.com\/wp-content\/uploads\/2018\/02\/Aventura-en-el-Congo-300x209.jpg 300w, https:\/\/www.museojudiobejar.com\/wp-content\/uploads\/2018\/02\/Aventura-en-el-Congo.jpg 525w\" sizes=\"(max-width: 300px) 100vw, 300px\" \/><\/a>T\u00edtulos como <em>Una aventura en el Congo, Selva rebelde, \u00c1frica Maga <\/em>y<em> Safari Ricar<\/em> se presentan en su formato original, en ediciones bien conservadas que permiten hacer un recorrido por la imagen que se transmit\u00eda a los chicos y chicas espa\u00f1oles del continente africano, basadas en la idea del exotismo y la aventura, pero tambi\u00e9n de colonialismo, superoridad de la raza blanca y oportunidad de negocios f\u00e1ciles y muy lucrativos.<\/p>\n<p>La exposici\u00f3n, que ya ha pasado por otras ciudades como Salamanca y \u00c1vila, es fruto del trabajo de Helm\u00e1ntica Paidea, grupo de investigaci\u00f3n de la Universidad de Salamanca que agrupa a 11 profesores de cuatro universidades, y cuyas l\u00edneas de investigaci\u00f3n giran en torno a la historia de la educaci\u00f3n.<\/p>\n<p>&nbsp;<\/p>\n","protected":false},"excerpt":{"rendered":"<p>El Museo Jud\u00edo David Melul de B\u00e9jar acoge en febrero una exposici\u00f3n titulada &#8220;Revistas sobre \u00c1frica para ni\u00f1os del franquismo&#8221;. La muestra, que podr\u00e1 visitarse hasta el 28 del mes en el horario habitual del museo, ser\u00e1 inaugurada el d\u00eda 8 con una conferencia de Jos\u00e9 Mar\u00eda Hern\u00e1ndez D\u00edaz, catedr\u00e1tico de Historia de las Educaci\u00f3n<\/p>\n","protected":false},"author":2,"featured_media":12232,"comment_status":"closed","ping_status":"closed","sticky":false,"template":"","format":"standard","meta":{"footnotes":""},"categories":[1,39],"tags":[207,211,208,210,209,96],"class_list":["post-12228","post","type-post","status-publish","format-standard","has-post-thumbnail","hentry","category-actualidad","category-noticias","tag-africa","tag-comics","tag-franquismo","tag-helmantica-paidea","tag-jose-maria-hernandez","tag-universidad-salamanca"],"_links":{"self":[{"href":"https:\/\/www.museojudiobejar.com\/en\/wp-json\/wp\/v2\/posts\/12228","targetHints":{"allow":["GET"]}}],"collection":[{"href":"https:\/\/www.museojudiobejar.com\/en\/wp-json\/wp\/v2\/posts"}],"about":[{"href":"https:\/\/www.museojudiobejar.com\/en\/wp-json\/wp\/v2\/types\/post"}],"author":[{"embeddable":true,"href":"https:\/\/www.museojudiobejar.com\/en\/wp-json\/wp\/v2\/users\/2"}],"replies":[{"embeddable":true,"href":"https:\/\/www.museojudiobejar.com\/en\/wp-json\/wp\/v2\/comments?post=12228"}],"version-history":[{"count":5,"href":"https:\/\/www.museojudiobejar.com\/en\/wp-json\/wp\/v2\/posts\/12228\/revisions"}],"predecessor-version":[{"id":12237,"href":"https:\/\/www.museojudiobejar.com\/en\/wp-json\/wp\/v2\/posts\/12228\/revisions\/12237"}],"wp:featuredmedia":[{"embeddable":true,"href":"https:\/\/www.museojudiobejar.com\/en\/wp-json\/wp\/v2\/media\/12232"}],"wp:attachment":[{"href":"https:\/\/www.museojudiobejar.com\/en\/wp-json\/wp\/v2\/media?parent=12228"}],"wp:term":[{"taxonomy":"category","embeddable":true,"href":"https:\/\/www.museojudiobejar.com\/en\/wp-json\/wp\/v2\/categories?post=12228"},{"taxonomy":"post_tag","embeddable":true,"href":"https:\/\/www.museojudiobejar.com\/en\/wp-json\/wp\/v2\/tags?post=12228"}],"curies":[{"name":"wp","href":"https:\/\/api.w.org\/{rel}","templated":true}]}}