{"id":12186,"date":"2017-11-11T13:16:36","date_gmt":"2017-11-11T11:16:36","guid":{"rendered":"http:\/\/www.museojudiobejar.com\/?p=12186"},"modified":"2018-02-26T14:03:37","modified_gmt":"2018-02-26T12:03:37","slug":"museo-judio-bejar-prepara-januca","status":"publish","type":"post","link":"https:\/\/www.museojudiobejar.com\/en\/2017\/11\/museo-judio-bejar-prepara-januca\/","title":{"rendered":"El Museo Jud\u00edo de B\u00e9jar prepara la Januc\u00e1"},"content":{"rendered":"<p>La ceremon\u00eda del solsticio de invierno coincide para el pueblo jud\u00edo con una festividad importante: La Januc\u00e1 o Fiesta de las Luminarias.<\/p>\n<p>Se trata de una celebraci\u00f3n religiosa que se prolonga a lo largo de ocho d\u00edas, en los que los hebreos utiliza un candelabro de nueve brazos que se van encendiendo diariamente, en recuerdo de la recuperaci\u00f3n del Segundo Templo de Jerusalen tras la victoria de los macabeos sobre los griegos.<\/p>\n<p><a href=\"http:\/\/www.museojudiobejar.com\/wp-content\/uploads\/2017\/11\/janukas.jpg\"><img decoding=\"async\" class=\" size-medium wp-image-12189 alignleft\" src=\"http:\/\/www.museojudiobejar.com\/wp-content\/uploads\/2017\/11\/janukas-300x169.jpg\" alt=\"janukas\" width=\"300\" height=\"169\" srcset=\"https:\/\/www.museojudiobejar.com\/wp-content\/uploads\/2017\/11\/janukas-300x169.jpg 300w, https:\/\/www.museojudiobejar.com\/wp-content\/uploads\/2017\/11\/janukas-1024x578.jpg 1024w, https:\/\/www.museojudiobejar.com\/wp-content\/uploads\/2017\/11\/janukas.jpg 1200w\" sizes=\"(max-width: 300px) 100vw, 300px\" \/><\/a>Unas semanas antes de que se celebre la Januc\u00e1, el Museo Jud\u00edo de B\u00e9jar acaba de inaugurar una exposici\u00f3n temporal de januk\u00edas, que es el nombre de los candelabros rituales que se usan durante la fiesta.<\/p>\n<p>Uno de ellos pertenece a la colecci\u00f3n permanente del centro, pero los otros siete son un pr\u00e9stamo temporal con los que un jud\u00edo de Tordesillas, conocedor y amigo del museo bejarano, ha querido contribuir a nuestro programa de actividades. Se trata de Javier Ben Herrera.<\/p>\n<p><a href=\"http:\/\/www.museojudiobejar.com\/wp-content\/uploads\/2017\/11\/DSC_0333.jpg\"><img decoding=\"async\" class=\" size-medium wp-image-12190 alignright\" src=\"http:\/\/www.museojudiobejar.com\/wp-content\/uploads\/2017\/11\/DSC_0333-300x199.jpg\" alt=\"DSC_0333\" width=\"300\" height=\"199\" srcset=\"https:\/\/www.museojudiobejar.com\/wp-content\/uploads\/2017\/11\/DSC_0333-300x199.jpg 300w, https:\/\/www.museojudiobejar.com\/wp-content\/uploads\/2017\/11\/DSC_0333-1024x678.jpg 1024w, https:\/\/www.museojudiobejar.com\/wp-content\/uploads\/2017\/11\/DSC_0333.jpg 1200w\" sizes=\"(max-width: 300px) 100vw, 300px\" \/><\/a>La exposici\u00f3n, instalada en la segunda planta, podr\u00e1 visitarse hasta el d\u00eda 10 de diciembre en el <a href=\"http:\/\/www.museojudiobejar.com\/horario\/\" target=\"_blank\">horario habitual del museo<\/a>.<\/p>\n","protected":false},"excerpt":{"rendered":"<p>La ceremon\u00eda del solsticio de invierno coincide para el pueblo jud\u00edo con una festividad importante: La Januc\u00e1 o Fiesta de las Luminarias. Se trata de una celebraci\u00f3n religiosa que se prolonga a lo largo de ocho d\u00edas, en los que los hebreos utiliza un candelabro de nueve brazos que se van encendiendo diariamente, en recuerdo<\/p>\n","protected":false},"author":2,"featured_media":12191,"comment_status":"closed","ping_status":"closed","sticky":false,"template":"","format":"standard","meta":{"footnotes":""},"categories":[1,39],"tags":[195,196,192,194],"class_list":["post-12186","post","type-post","status-publish","format-standard","has-post-thumbnail","hentry","category-actualidad","category-noticias","tag-exposicion-temporal","tag-januca","tag-januka","tag-tordesillas"],"_links":{"self":[{"href":"https:\/\/www.museojudiobejar.com\/en\/wp-json\/wp\/v2\/posts\/12186","targetHints":{"allow":["GET"]}}],"collection":[{"href":"https:\/\/www.museojudiobejar.com\/en\/wp-json\/wp\/v2\/posts"}],"about":[{"href":"https:\/\/www.museojudiobejar.com\/en\/wp-json\/wp\/v2\/types\/post"}],"author":[{"embeddable":true,"href":"https:\/\/www.museojudiobejar.com\/en\/wp-json\/wp\/v2\/users\/2"}],"replies":[{"embeddable":true,"href":"https:\/\/www.museojudiobejar.com\/en\/wp-json\/wp\/v2\/comments?post=12186"}],"version-history":[{"count":8,"href":"https:\/\/www.museojudiobejar.com\/en\/wp-json\/wp\/v2\/posts\/12186\/revisions"}],"predecessor-version":[{"id":12410,"href":"https:\/\/www.museojudiobejar.com\/en\/wp-json\/wp\/v2\/posts\/12186\/revisions\/12410"}],"wp:featuredmedia":[{"embeddable":true,"href":"https:\/\/www.museojudiobejar.com\/en\/wp-json\/wp\/v2\/media\/12191"}],"wp:attachment":[{"href":"https:\/\/www.museojudiobejar.com\/en\/wp-json\/wp\/v2\/media?parent=12186"}],"wp:term":[{"taxonomy":"category","embeddable":true,"href":"https:\/\/www.museojudiobejar.com\/en\/wp-json\/wp\/v2\/categories?post=12186"},{"taxonomy":"post_tag","embeddable":true,"href":"https:\/\/www.museojudiobejar.com\/en\/wp-json\/wp\/v2\/tags?post=12186"}],"curies":[{"name":"wp","href":"https:\/\/api.w.org\/{rel}","templated":true}]}}