{"id":12149,"date":"2017-09-03T22:10:45","date_gmt":"2017-09-03T20:10:45","guid":{"rendered":"http:\/\/www.museojudiobejar.com\/?p=12149"},"modified":"2018-02-26T14:03:37","modified_gmt":"2018-02-26T12:03:37","slug":"viaje-juderias-castelo-vide-valencia-alcantara","status":"publish","type":"post","link":"https:\/\/www.museojudiobejar.com\/en\/2017\/09\/viaje-juderias-castelo-vide-valencia-alcantara\/","title":{"rendered":"Viaje a las juder\u00edas de Castelo de Vide y Valencia de Alc\u00e1ntara"},"content":{"rendered":"<p>El Museo Jud\u00edo David Melul organiza un viaje cultural para visitar dos juder\u00edas a uno y otro lado de la frontera. Se trata de las localidades de Castelo de Vide (Portugal) y Valencia de Alc\u00e1ntara, en la provincia de C\u00e1ceres.<\/p>\n<p>Este viaje, <a href=\"http:\/\/www.museojudiobejar.com\/2016\/09\/viaje-belmonte-guarda-completo-exito\/\" target=\"_blank\">segundo que organiza el museo para conocer las juder\u00edas de frontera<\/a>, nos acercar\u00e1 a dos pueblos con un importante pasado hebreo en los que el rastro de la arquitectura y la cultura jud\u00eda no se han perdido.<\/p>\n<div class=\"fusion-fullwidth fullwidth-box fusion-builder-row-1 hundred-percent-fullwidth non-hundred-percent-height-scrolling\" style=\"--awb-border-radius-top-left:0px;--awb-border-radius-top-right:0px;--awb-border-radius-bottom-right:0px;--awb-border-radius-bottom-left:0px;--awb-overflow:visible;--awb-flex-wrap:wrap;\" ><div class=\"fusion-builder-row fusion-row\"><div class=\"fusion-layout-column fusion_builder_column fusion-builder-column-0 fusion_builder_column_1_1 1_1 fusion-one-full fusion-column-first fusion-column-last fusion-column-no-min-height\" style=\"--awb-bg-size:cover;--awb-margin-bottom:0px;\"><div class=\"fusion-column-wrapper fusion-flex-column-wrapper-legacy\"><div id=\"attachment_12153\" style=\"width: 235px\" class=\"wp-caption alignleft\"><a href=\"http:\/\/www.museojudiobejar.com\/wp-content\/uploads\/2017\/09\/Museo_Sinagoga_Juderia.JPG.jpg\" target=\"_blank\"><img decoding=\"async\" aria-describedby=\"caption-attachment-12153\" class=\"wp-image-12153 size-medium\" src=\"http:\/\/www.museojudiobejar.com\/wp-content\/uploads\/2017\/09\/Museo_Sinagoga_Juderia.JPG-225x300.jpg\" alt=\"\" width=\"225\" height=\"300\" srcset=\"https:\/\/www.museojudiobejar.com\/wp-content\/uploads\/2017\/09\/Museo_Sinagoga_Juderia.JPG-225x300.jpg 225w, https:\/\/www.museojudiobejar.com\/wp-content\/uploads\/2017\/09\/Museo_Sinagoga_Juderia.JPG.jpg 450w\" sizes=\"(max-width: 225px) 100vw, 225px\" \/><\/a><p id=\"caption-attachment-12153\" class=\"wp-caption-text\">Calle de la juder\u00eda de Castelo de Vide<\/p><\/div>\n<p>Nuestro recorrido se desarrollar\u00e1 el <strong>domingo 24 de septiembre<\/strong> a lo largo de toda la jornada. Saldremos a las 08 de la ma\u00f1ana de La Corredera, desde donde viajaremos por tierras extreme\u00f1as hasta la frontera. Poco m\u00e1s de 240 kil\u00f3metros separan B\u00e9jar del primer punto de parada.<\/p>\n<p>Castelo de Vide es un precioso pueblo portugu\u00e9s que conserva su trazado medieval y muchas construcciones anteriores al siglo XVI, ente ellas la antigua sinagoga y hoy museo, que visitaremos, as\u00ed como un buen n\u00famero de calles que evocan <a href=\"https:\/\/www.visitportugal.com\/es\/NR\/exeres\/C54C3A30-D162-4313-8B55-7F5D7AF57F59\" target=\"_blank\">la presencia de los jud\u00edos en la localidad<\/a>, como la Rua da Judiaria, la Rua Nueva (donde se concentraron los conversos a partir de su expulsi\u00f3n), la Rua do Ar\u00e7ario y la Rua das Espinosas, que entronca con los or\u00edgenes del fil\u00f3sofo y pensador holand\u00e9s Baruch Spinoza.<\/p>\n<p>Comeremos en un restaurante de la localidad, para recorrer despu\u00e9s los 28 kil\u00f3metros que la separan de Valencia de Alc\u00e1ntara.<\/p>\n<div class=\"fusion-clearfix\"><\/div><\/div><\/div><div class=\"fusion-layout-column fusion_builder_column fusion-builder-column-1 fusion_builder_column_1_1 1_1 fusion-one-full fusion-column-first fusion-column-last fusion-column-no-min-height\" style=\"--awb-bg-size:cover;--awb-margin-bottom:0px;\"><div class=\"fusion-column-wrapper fusion-flex-column-wrapper-legacy\"><div id=\"attachment_12150\" style=\"width: 310px\" class=\"wp-caption alignright\"><a href=\"http:\/\/www.museojudiobejar.com\/wp-content\/uploads\/2017\/09\/A_BARRIO_JUDIO_ALCANTARA_01.jpg\" target=\"_blank\"><img decoding=\"async\" aria-describedby=\"caption-attachment-12150\" class=\"wp-image-12150 size-medium\" src=\"http:\/\/www.museojudiobejar.com\/wp-content\/uploads\/2017\/09\/A_BARRIO_JUDIO_ALCANTARA_01-300x200.jpg\" alt=\"\" width=\"300\" height=\"200\" srcset=\"https:\/\/www.museojudiobejar.com\/wp-content\/uploads\/2017\/09\/A_BARRIO_JUDIO_ALCANTARA_01-300x200.jpg 300w, https:\/\/www.museojudiobejar.com\/wp-content\/uploads\/2017\/09\/A_BARRIO_JUDIO_ALCANTARA_01-1024x682.jpg 1024w, https:\/\/www.museojudiobejar.com\/wp-content\/uploads\/2017\/09\/A_BARRIO_JUDIO_ALCANTARA_01.jpg 1200w\" sizes=\"(max-width: 300px) 100vw, 300px\" \/><\/a><p id=\"caption-attachment-12150\" class=\"wp-caption-text\">Barrio jud\u00edo de Valencia de Alc\u00e1ntara<\/p><\/div>\n<p>Este municipio, famoso por su puente medieval, tambi\u00e9n <a href=\"http:\/\/turismoextremadura.com\/viajar\/turismo\/es\/explora\/Barrio-judio-de-Valencia-de-Alcantara\/\" target=\"_blank\">cont\u00f3 con una importante aljama<\/a>, que por su grado de conservaci\u00f3n ha sido reconocida como bien de inter\u00e9s cultural con la categor\u00eda de conjunto hist\u00f3rico. No en vano, estuvo considerada como la juder\u00eda m\u00e1s grande la actual provincia de C\u00e1ceres.<\/p>\n<p>Regresaremos al caer la tarde, con la llegada a B\u00e9jar prevista para las 23 horas.<\/p>\n<p>El precio total por persona, que incluye la comida, es de 45 euros. Las reservas pueden hacerse en Viajes Labrador (Calle Z\u00fa\u00f1iga Rodr\u00edguez 3, Tel\u00e9fono <span class=\"r-ieSvuYGxYAJI\">923 40 07 71) hasta el mi\u00e9rcoles 20 de sepriembre.<br \/>\n<\/span><div class=\"fusion-clearfix\"><\/div><\/div><\/div><\/div><\/div>\n","protected":false},"excerpt":{"rendered":"<p>El Museo Jud\u00edo David Melul organiza un viaje cultural para visitar dos juder\u00edas a uno y otro lado de la frontera. Se trata de las localidades de Castelo de Vide (Portugal) y Valencia de Alc\u00e1ntara, en la provincia de C\u00e1ceres. Este viaje, segundo que organiza el museo para conocer las juder\u00edas de frontera, nos acercar\u00e1<\/p>\n","protected":false},"author":2,"featured_media":12152,"comment_status":"closed","ping_status":"closed","sticky":false,"template":"","format":"standard","meta":{"footnotes":""},"categories":[1,39],"tags":[177,147,92,178,150],"class_list":["post-12149","post","type-post","status-publish","format-standard","has-post-thumbnail","hentry","category-actualidad","category-noticias","tag-castelo-vide","tag-juderia","tag-portugal","tag-valencia-alcantara","tag-viaje"],"_links":{"self":[{"href":"https:\/\/www.museojudiobejar.com\/en\/wp-json\/wp\/v2\/posts\/12149","targetHints":{"allow":["GET"]}}],"collection":[{"href":"https:\/\/www.museojudiobejar.com\/en\/wp-json\/wp\/v2\/posts"}],"about":[{"href":"https:\/\/www.museojudiobejar.com\/en\/wp-json\/wp\/v2\/types\/post"}],"author":[{"embeddable":true,"href":"https:\/\/www.museojudiobejar.com\/en\/wp-json\/wp\/v2\/users\/2"}],"replies":[{"embeddable":true,"href":"https:\/\/www.museojudiobejar.com\/en\/wp-json\/wp\/v2\/comments?post=12149"}],"version-history":[{"count":7,"href":"https:\/\/www.museojudiobejar.com\/en\/wp-json\/wp\/v2\/posts\/12149\/revisions"}],"predecessor-version":[{"id":12273,"href":"https:\/\/www.museojudiobejar.com\/en\/wp-json\/wp\/v2\/posts\/12149\/revisions\/12273"}],"wp:featuredmedia":[{"embeddable":true,"href":"https:\/\/www.museojudiobejar.com\/en\/wp-json\/wp\/v2\/media\/12152"}],"wp:attachment":[{"href":"https:\/\/www.museojudiobejar.com\/en\/wp-json\/wp\/v2\/media?parent=12149"}],"wp:term":[{"taxonomy":"category","embeddable":true,"href":"https:\/\/www.museojudiobejar.com\/en\/wp-json\/wp\/v2\/categories?post=12149"},{"taxonomy":"post_tag","embeddable":true,"href":"https:\/\/www.museojudiobejar.com\/en\/wp-json\/wp\/v2\/tags?post=12149"}],"curies":[{"name":"wp","href":"https:\/\/api.w.org\/{rel}","templated":true}]}}