{"id":12121,"date":"2017-07-07T00:13:35","date_gmt":"2017-07-06T22:13:35","guid":{"rendered":"http:\/\/www.museojudiobejar.com\/?p=12121"},"modified":"2018-02-26T14:03:38","modified_gmt":"2018-02-26T12:03:38","slug":"visitantes-extranjeros-verano","status":"publish","type":"post","link":"https:\/\/www.museojudiobejar.com\/en\/2017\/07\/visitantes-extranjeros-verano\/","title":{"rendered":"Visitantes extranjeros tambi\u00e9n en verano"},"content":{"rendered":"<p>En un verano muy bueno en cuanto a visitas al Museo Jud\u00edo David Melul de B\u00e9jar, esta semana hemos recibido a un numeroso grupo de estudiantes israel\u00edes de la mano de Leah Netzer, directora del Proyecto Sefarad- Ra\u00edces y Rutas. A lo largo de la ma\u00f1ana del mi\u00e9rcoles los chicos y chicas, con origen en Jerusal\u00e9n, han descubierto la historia de los jud\u00edos que vivieron en la Pen\u00ednsula Ib\u00e9rica hasta su expulsi\u00f3n de los distintos reinos, a finales del siglo XV.<\/p>\n<div class=\"fusion-fullwidth fullwidth-box fusion-builder-row-1 hundred-percent-fullwidth non-hundred-percent-height-scrolling\" style=\"--awb-border-radius-top-left:0px;--awb-border-radius-top-right:0px;--awb-border-radius-bottom-right:0px;--awb-border-radius-bottom-left:0px;--awb-overflow:visible;--awb-flex-wrap:wrap;\" ><div class=\"fusion-builder-row fusion-row\"><div class=\"fusion-layout-column fusion_builder_column fusion-builder-column-0 fusion_builder_column_1_1 1_1 fusion-one-full fusion-column-first fusion-column-last fusion-column-no-min-height\" style=\"--awb-bg-size:cover;--awb-margin-bottom:0px;\"><div class=\"fusion-column-wrapper fusion-flex-column-wrapper-legacy\"><div id=\"attachment_12123\" style=\"width: 310px\" class=\"wp-caption alignleft\"><a href=\"http:\/\/www.museojudiobejar.com\/wp-content\/uploads\/2017\/07\/2.jpg\" target=\"_blank\"><img decoding=\"async\" aria-describedby=\"caption-attachment-12123\" class=\"wp-image-12123 size-medium\" src=\"http:\/\/www.museojudiobejar.com\/wp-content\/uploads\/2017\/07\/2-300x199.jpg\" alt=\"\" width=\"300\" height=\"199\" srcset=\"https:\/\/www.museojudiobejar.com\/wp-content\/uploads\/2017\/07\/2-300x199.jpg 300w, https:\/\/www.museojudiobejar.com\/wp-content\/uploads\/2017\/07\/2-1024x678.jpg 1024w, https:\/\/www.museojudiobejar.com\/wp-content\/uploads\/2017\/07\/2.jpg 1200w\" sizes=\"(max-width: 300px) 100vw, 300px\" \/><\/a><p id=\"caption-attachment-12123\" class=\"wp-caption-text\">El grupo en el sal\u00f3n de actos del museo (Foto: Ana Vicente)<\/p><\/div>\n<p>Su viaje forma parte de una ruta de varios d\u00edas que incluye localidades como Toledo, C\u00f3rdoba, C\u00e1ceres y Segovia, a trav\u00e9s de la que conocen el pasado hebreo de Espa\u00f1a y las caracter\u00edsticas de los jud\u00edos que, tras su expulsi\u00f3n, se convirtieron en los sefarditas, una potente minor\u00eda del juda\u00edsmo que a\u00fan hoy conserva una parte de las ra\u00edces culturales que les vinculan con Espa\u00f1a.<\/p>\n<p>Acompa\u00f1ados por un gu\u00eda, los estudiantes han escuchado con atenci\u00f3n las peculiaridades de los jud\u00edos castellanos, deteni\u00e9ndose en elementos como la <a href=\"http:\/\/www.museojudiobejar.com\/wp-content\/uploads\/2015\/06\/Lapida.jpg\" target=\"_blank\">l\u00e1pida de Do\u00f1a Fadue\u00f1a<\/a>, los objetos lit\u00fargicos y la maqueta que representa la entonces villa de B\u00e9jar en 1492.<\/p>\n<p>&nbsp;<\/p>\n<div class=\"fusion-clearfix\"><\/div><\/div><\/div><div class=\"fusion-layout-column fusion_builder_column fusion-builder-column-1 fusion_builder_column_1_1 1_1 fusion-one-full fusion-column-first fusion-column-last fusion-column-no-min-height\" style=\"--awb-bg-size:cover;--awb-margin-bottom:0px;\"><div class=\"fusion-column-wrapper fusion-flex-column-wrapper-legacy\"><div id=\"attachment_12122\" style=\"width: 310px\" class=\"wp-caption alignright\"><a href=\"http:\/\/www.museojudiobejar.com\/wp-content\/uploads\/2017\/07\/1.jpg\" target=\"_blank\"><img decoding=\"async\" aria-describedby=\"caption-attachment-12122\" class=\"wp-image-12122 size-medium\" src=\"http:\/\/www.museojudiobejar.com\/wp-content\/uploads\/2017\/07\/1-300x199.jpg\" alt=\"\" width=\"300\" height=\"199\" srcset=\"https:\/\/www.museojudiobejar.com\/wp-content\/uploads\/2017\/07\/1-300x199.jpg 300w, https:\/\/www.museojudiobejar.com\/wp-content\/uploads\/2017\/07\/1-1024x678.jpg 1024w, https:\/\/www.museojudiobejar.com\/wp-content\/uploads\/2017\/07\/1.jpg 1200w\" sizes=\"(max-width: 300px) 100vw, 300px\" \/><\/a><p id=\"caption-attachment-12122\" class=\"wp-caption-text\">Un momento de la visita ((Foto: Ana Vicente))<\/p><\/div>\n<p><a href=\"http:\/\/www.museojudiobejar.com\/2017\/01\/museo-judio-david-melul-registro-17-visitantes-ano-pasado\/\" target=\"_blank\">Cientos de extranjeros llegan cada a\u00f1o a nuestro museo<\/a>. De hecho, el 10% del total de visitantes procede de otros pa\u00edses. Isarel es, con diferencia, el origen de la mayor\u00eda de ellos.<div class=\"fusion-clearfix\"><\/div><\/div><\/div><\/div><\/div>\n","protected":false},"excerpt":{"rendered":"<p>En un verano muy bueno en cuanto a visitas al Museo Jud\u00edo David Melul de B\u00e9jar, esta semana hemos recibido a un numeroso grupo de estudiantes israel\u00edes de la mano de Leah Netzer, directora del Proyecto Sefarad- Ra\u00edces y Rutas. A lo largo de la ma\u00f1ana del mi\u00e9rcoles los chicos y chicas, con origen en<\/p>\n","protected":false},"author":2,"featured_media":12124,"comment_status":"closed","ping_status":"closed","sticky":false,"template":"","format":"standard","meta":{"footnotes":""},"categories":[1,39],"tags":[70,153,170,135,68],"class_list":["post-12121","post","type-post","status-publish","format-standard","has-post-thumbnail","hentry","category-actualidad","category-noticias","tag-israel","tag-jerusalen","tag-leah-netzer","tag-visitantes","tag-visitas"],"_links":{"self":[{"href":"https:\/\/www.museojudiobejar.com\/en\/wp-json\/wp\/v2\/posts\/12121","targetHints":{"allow":["GET"]}}],"collection":[{"href":"https:\/\/www.museojudiobejar.com\/en\/wp-json\/wp\/v2\/posts"}],"about":[{"href":"https:\/\/www.museojudiobejar.com\/en\/wp-json\/wp\/v2\/types\/post"}],"author":[{"embeddable":true,"href":"https:\/\/www.museojudiobejar.com\/en\/wp-json\/wp\/v2\/users\/2"}],"replies":[{"embeddable":true,"href":"https:\/\/www.museojudiobejar.com\/en\/wp-json\/wp\/v2\/comments?post=12121"}],"version-history":[{"count":4,"href":"https:\/\/www.museojudiobejar.com\/en\/wp-json\/wp\/v2\/posts\/12121\/revisions"}],"predecessor-version":[{"id":12275,"href":"https:\/\/www.museojudiobejar.com\/en\/wp-json\/wp\/v2\/posts\/12121\/revisions\/12275"}],"wp:featuredmedia":[{"embeddable":true,"href":"https:\/\/www.museojudiobejar.com\/en\/wp-json\/wp\/v2\/media\/12124"}],"wp:attachment":[{"href":"https:\/\/www.museojudiobejar.com\/en\/wp-json\/wp\/v2\/media?parent=12121"}],"wp:term":[{"taxonomy":"category","embeddable":true,"href":"https:\/\/www.museojudiobejar.com\/en\/wp-json\/wp\/v2\/categories?post=12121"},{"taxonomy":"post_tag","embeddable":true,"href":"https:\/\/www.museojudiobejar.com\/en\/wp-json\/wp\/v2\/tags?post=12121"}],"curies":[{"name":"wp","href":"https:\/\/api.w.org\/{rel}","templated":true}]}}