{"id":12040,"date":"2017-03-25T11:42:48","date_gmt":"2017-03-25T09:42:48","guid":{"rendered":"http:\/\/www.museojudiobejar.com\/?p=12040"},"modified":"2018-02-26T14:03:38","modified_gmt":"2018-02-26T12:03:38","slug":"listo-segunda-edicion-salamanquesa","status":"publish","type":"post","link":"https:\/\/www.museojudiobejar.com\/en\/2017\/03\/listo-segunda-edicion-salamanquesa\/","title":{"rendered":"Todo listo para segunda edici\u00f3n de La Salamanquesa"},"content":{"rendered":"<p>A 24 horas para el comienzo de la marcha, todo est\u00e1 listo para que la segunda edici\u00f3n de <a href=\"http:\/\/www.museojudiobejar.com\/2017\/02\/salamanquesa-recorrera-caminos-exilio-judios-26-marzo\/\" target=\"_blank\">La Salamanquesa<\/a> sea un \u00e9xito. Os ofrecemos algunos detalles y consejos:<\/p>\n<p><strong><a href=\"http:\/\/www.museojudiobejar.com\/wp-content\/uploads\/2015\/07\/museo-judio-exterior.jpg\"><img decoding=\"async\" class=\" size-medium wp-image-11162 alignleft\" src=\"http:\/\/www.museojudiobejar.com\/wp-content\/uploads\/2015\/07\/museo-judio-exterior-300x260.jpg\" alt=\"museo-judio-exterior\" width=\"300\" height=\"260\" srcset=\"https:\/\/www.museojudiobejar.com\/wp-content\/uploads\/2015\/07\/museo-judio-exterior-300x260.jpg 300w, https:\/\/www.museojudiobejar.com\/wp-content\/uploads\/2015\/07\/museo-judio-exterior.jpg 433w\" sizes=\"(max-width: 300px) 100vw, 300px\" \/><\/a>Saldremos a las 09:30 horas de la puerta del museo<\/strong> (Calle de los Curas, junto a la Iglesia de Santa Mar\u00eda la Mayor). <strong>Ojo al cambio de hora esta noche<\/strong>: Tendremos una hora menos, que nadie se despiste.<\/p>\n<p><strong>Quienes se hayan registrado por Internet deber\u00e1n hacer el pago de los 5 \u20ac en el museo y recoger la mochila<\/strong>. Tambi\u00e9n tendremos botellas de agua peque\u00f1as para todos los participantes. Hemos contratado <strong>dos seguros<\/strong> que dar\u00e1n cobertura a todos los inscritos: Uno de responsabilidad civil y otro de actividades deportivas.<\/p>\n<p><a href=\"http:\/\/www.museojudiobejar.com\/wp-content\/uploads\/2017\/03\/IMG-20170311-WA0001.jpg\"><img decoding=\"async\" class=\" size-medium wp-image-12041 alignright\" src=\"http:\/\/www.museojudiobejar.com\/wp-content\/uploads\/2017\/03\/IMG-20170311-WA0001-300x180.jpg\" alt=\"IMG-20170311-WA0001\" width=\"300\" height=\"180\" srcset=\"https:\/\/www.museojudiobejar.com\/wp-content\/uploads\/2017\/03\/IMG-20170311-WA0001-300x180.jpg 300w, https:\/\/www.museojudiobejar.com\/wp-content\/uploads\/2017\/03\/IMG-20170311-WA0001-1024x614.jpg 1024w, https:\/\/www.museojudiobejar.com\/wp-content\/uploads\/2017\/03\/IMG-20170311-WA0001.jpg 1200w\" sizes=\"(max-width: 300px) 100vw, 300px\" \/><\/a><\/p>\n<p>Desde all\u00ed, acompa\u00f1ados por la Polic\u00eda Municipal, bajaremos por la Calle 29 de Agosto hasta el Parque de la Antigua, donde recorreremos las murallas y podremos disfrutar de una hermosa vista del r\u00edo y las <strong>f\u00e1bricas<\/strong>.<\/p>\n<p><a href=\"http:\/\/www.museojudiobejar.com\/wp-content\/uploads\/2017\/03\/IMG_20170226_105234435_HDR.jpg\"><img decoding=\"async\" class=\" size-medium wp-image-12042 alignleft\" src=\"http:\/\/www.museojudiobejar.com\/wp-content\/uploads\/2017\/03\/IMG_20170226_105234435_HDR-300x169.jpg\" alt=\"IMG_20170226_105234435_HDR\" width=\"300\" height=\"169\" \/><\/a><\/p>\n<p>Abandonaremos B\u00e9jar por la Puerta de la Traici\u00f3n para bajar hasta la f\u00e1brica de <strong>G\u00f3mez Rodulfo<\/strong>, un impresionante ejemplo de la arquitectura industrial de la ciudad. Tras cruzar el Cuerpo de Hombre, descenderemos por su margen izquierda hasta los Molinos de Navarredonda, con un camino ancho y bien marcado que permite la conversaci\u00f3n en grupo bajo las ramas de casta\u00f1os y robles.<a href=\"http:\/\/www.museojudiobejar.com\/wp-content\/uploads\/2017\/03\/IMG_20170226_105616299.jpg\"><img decoding=\"async\" class=\" size-medium wp-image-12056 alignright\" src=\"http:\/\/www.museojudiobejar.com\/wp-content\/uploads\/2017\/03\/IMG_20170226_105616299-169x300.jpg\" alt=\"IMG_20170226_105616299\" width=\"169\" height=\"300\" \/><\/a><\/p>\n<p>Desde Navarredonda ascenderemos a pleno sol por el camino empedrado de la <strong>V\u00eda de la Plata<\/strong>, en un tramo que recorre dos kil\u00f3metros hasta el pueblo de <strong>La Calzada<\/strong>. Es posible que coincidamos con algunos de los peregrinos que caminan hacia Santiago.<\/p>\n<p><a href=\"http:\/\/www.museojudiobejar.com\/wp-content\/uploads\/2017\/03\/IMG_20170226_123452286.jpg\"><img decoding=\"async\" class=\" size-medium wp-image-12049 alignleft\" src=\"http:\/\/www.museojudiobejar.com\/wp-content\/uploads\/2017\/03\/IMG_20170226_123452286-169x300.jpg\" alt=\"IMG_20170226_123452286\" width=\"169\" height=\"300\" \/><\/a>Llegaremos al pueblo hacia el mediod\u00eda, con tiempo para hacer un descanso y poder reponer fuerzas en el Bar de Charo. <strong>Antes de reanudar la marcha, en la calle principal del pueblo, el director del museo explicar\u00e1 en una breve intervenci\u00f3n qui\u00e9n fue La Salamanquesa y lo que conocemos sobre la salida de los jud\u00edos de B\u00e9jar en la primavera de 1492<\/strong>.<\/p>\n<p>Regresaremos por un camino que atraviesa varias <strong>explotaciones ganaderas<\/strong> donde podremos contemplar hermosos ejemplares de reses, y atravesaremos el <strong>Puente de la Media Legua<\/strong>, restaurado en el a\u00f1o 2015 por el Ayuntamiento de B\u00e9jar.<\/p>\n<p>Entraremos en la ciudad por el Ventorro Pelayo, para descender al Puente de San Alb\u00edn y <strong>terminar en el mismo punto en el que salimos, el Museo Jud\u00edo, hacia las 14.30<\/strong>.<a href=\"http:\/\/www.museojudiobejar.com\/wp-content\/uploads\/2017\/03\/IMG_20170226_125638631_TOP.jpg\"><img decoding=\"async\" class=\" size-medium wp-image-12043 alignright\" src=\"http:\/\/www.museojudiobejar.com\/wp-content\/uploads\/2017\/03\/IMG_20170226_125638631_TOP-300x169.jpg\" alt=\"IMG_20170226_125638631_TOP\" width=\"300\" height=\"169\" \/><\/a><\/p>\n<p>Durante todo el domingo<strong> el museo vivir\u00e1 una jornada de puertas abiertas, y a las 17 horas los participantes en la marcha senderista podr\u00e1n disfrutar de una visita guiada<\/strong> a cargo del director, Antonio Avil\u00e9s.<\/p>\n<p>&nbsp;<\/p>\n<p><em>Otros detalles de inter\u00e9s<\/em>:<\/p>\n<p><a href=\"http:\/\/www.museojudiobejar.com\/wp-content\/uploads\/2017\/03\/Meteo-DOM.jpg\"><img decoding=\"async\" class=\" size-medium wp-image-12047 alignleft\" src=\"http:\/\/www.museojudiobejar.com\/wp-content\/uploads\/2017\/03\/Meteo-DOM-300x204.jpg\" alt=\"Meteo DOM\" width=\"300\" height=\"204\" srcset=\"https:\/\/www.museojudiobejar.com\/wp-content\/uploads\/2017\/03\/Meteo-DOM-300x204.jpg 300w, https:\/\/www.museojudiobejar.com\/wp-content\/uploads\/2017\/03\/Meteo-DOM.jpg 847w\" sizes=\"(max-width: 300px) 100vw, 300px\" \/><\/a>La previsi\u00f3n del tiempo es buena, con temperaturas entre +3 y +8 grados cent\u00edgrados, cielos despejados al comienzo y cubiertos en la parte final. <strong>Se recomienda llevar un calzado adecuado<\/strong> para andar por el campo. Es posible que encontremos alguna zona en el tramo final con agua encharcada. <strong>Conviene llevar ropa de abrigo y chubasquero<\/strong>.<\/p>\n<p><strong>Miembros de los clubes de monta\u00f1a se encargar\u00e1n de abrir y cerrar la marcha<\/strong>. Estar\u00e1n identificados con petos reflectantes. Los participantes no deber\u00e1n sobrepasarlos ni caminar detr\u00e1s de los \u00faltimos. En el caso de que haya personas que abandonen el recorrido antes de terminar, se recomienda comunicarlo a alguna de esas personas.<\/p>\n<p><strong>Un coche de apoyo de la organizaci\u00f3n seguir\u00e1 al grupo<\/strong>. Lo encontraremos en las intersecciones en las que crucemos la carretera y en La Calzada.<\/p>\n<p><a href=\"http:\/\/www.museojudiobejar.com\/wp-content\/uploads\/2017\/03\/Molinos.jpg\"><img decoding=\"async\" class=\" size-medium wp-image-12054 alignright\" src=\"http:\/\/www.museojudiobejar.com\/wp-content\/uploads\/2017\/03\/Molinos-300x224.jpg\" alt=\"Molinos\" width=\"300\" height=\"224\" \/><\/a>Atravesaremos carreteras secundarias en seis tramos cortos. En todos ellos contaremos con el apoyo de la Polic\u00eda Municipal de B\u00e9jar y de la Guardia Civil. Lo haremos en grupo y siguiendo sus instruciones.<\/p>\n<p>&nbsp;<\/p>\n<p>&nbsp;<\/p>\n","protected":false},"excerpt":{"rendered":"<p>A 24 horas para el comienzo de la marcha, todo est\u00e1 listo para que la segunda edici\u00f3n de La Salamanquesa sea un \u00e9xito. Os ofrecemos algunos detalles y consejos: Saldremos a las 09:30 horas de la puerta del museo (Calle de los Curas, junto a la Iglesia de Santa Mar\u00eda la Mayor). Ojo al cambio<\/p>\n","protected":false},"author":2,"featured_media":12061,"comment_status":"closed","ping_status":"closed","sticky":false,"template":"","format":"standard","meta":{"footnotes":""},"categories":[1,39],"tags":[51,100,101,98,57],"class_list":["post-12040","post","type-post","status-publish","format-standard","has-post-thumbnail","hentry","category-actualidad","category-noticias","tag-bejar","tag-calzada-bejar","tag-salamanquesa","tag-senderismo","tag-visita-guiada"],"_links":{"self":[{"href":"https:\/\/www.museojudiobejar.com\/en\/wp-json\/wp\/v2\/posts\/12040","targetHints":{"allow":["GET"]}}],"collection":[{"href":"https:\/\/www.museojudiobejar.com\/en\/wp-json\/wp\/v2\/posts"}],"about":[{"href":"https:\/\/www.museojudiobejar.com\/en\/wp-json\/wp\/v2\/types\/post"}],"author":[{"embeddable":true,"href":"https:\/\/www.museojudiobejar.com\/en\/wp-json\/wp\/v2\/users\/2"}],"replies":[{"embeddable":true,"href":"https:\/\/www.museojudiobejar.com\/en\/wp-json\/wp\/v2\/comments?post=12040"}],"version-history":[{"count":9,"href":"https:\/\/www.museojudiobejar.com\/en\/wp-json\/wp\/v2\/posts\/12040\/revisions"}],"predecessor-version":[{"id":12063,"href":"https:\/\/www.museojudiobejar.com\/en\/wp-json\/wp\/v2\/posts\/12040\/revisions\/12063"}],"wp:featuredmedia":[{"embeddable":true,"href":"https:\/\/www.museojudiobejar.com\/en\/wp-json\/wp\/v2\/media\/12061"}],"wp:attachment":[{"href":"https:\/\/www.museojudiobejar.com\/en\/wp-json\/wp\/v2\/media?parent=12040"}],"wp:term":[{"taxonomy":"category","embeddable":true,"href":"https:\/\/www.museojudiobejar.com\/en\/wp-json\/wp\/v2\/categories?post=12040"},{"taxonomy":"post_tag","embeddable":true,"href":"https:\/\/www.museojudiobejar.com\/en\/wp-json\/wp\/v2\/tags?post=12040"}],"curies":[{"name":"wp","href":"https:\/\/api.w.org\/{rel}","templated":true}]}}