{"id":12016,"date":"2017-02-28T01:57:02","date_gmt":"2017-02-27T23:57:02","guid":{"rendered":"http:\/\/www.museojudiobejar.com\/?p=12016"},"modified":"2017-02-28T01:57:02","modified_gmt":"2017-02-27T23:57:02","slug":"salamanquesa-dia-salamanca","status":"publish","type":"post","link":"https:\/\/www.museojudiobejar.com\/en\/2017\/02\/salamanquesa-dia-salamanca\/","title":{"rendered":"La Salamanquesa en El D\u00eda de Salamanca"},"content":{"rendered":"<p>P\u00e1gina publicada por el semanario El D\u00eda de Salamanca sobre los preparativos de la segunda edici\u00f3n de La Salamanquesa.<\/p>\n","protected":false},"excerpt":{"rendered":"<p>P\u00e1gina publicada por el semanario El D\u00eda de Salamanca sobre los preparativos de la segunda edici\u00f3n de La Salamanquesa.<\/p>\n","protected":false},"author":2,"featured_media":12028,"comment_status":"closed","ping_status":"closed","sticky":false,"template":"","format":"standard","meta":{"footnotes":""},"categories":[47],"tags":[51,69,100,101,98],"class_list":["post-12016","post","type-post","status-publish","format-standard","has-post-thumbnail","hentry","category-prensa","tag-bejar","tag-judios","tag-calzada-bejar","tag-salamanquesa","tag-senderismo"],"_links":{"self":[{"href":"https:\/\/www.museojudiobejar.com\/en\/wp-json\/wp\/v2\/posts\/12016","targetHints":{"allow":["GET"]}}],"collection":[{"href":"https:\/\/www.museojudiobejar.com\/en\/wp-json\/wp\/v2\/posts"}],"about":[{"href":"https:\/\/www.museojudiobejar.com\/en\/wp-json\/wp\/v2\/types\/post"}],"author":[{"embeddable":true,"href":"https:\/\/www.museojudiobejar.com\/en\/wp-json\/wp\/v2\/users\/2"}],"replies":[{"embeddable":true,"href":"https:\/\/www.museojudiobejar.com\/en\/wp-json\/wp\/v2\/comments?post=12016"}],"version-history":[{"count":1,"href":"https:\/\/www.museojudiobejar.com\/en\/wp-json\/wp\/v2\/posts\/12016\/revisions"}],"predecessor-version":[{"id":12018,"href":"https:\/\/www.museojudiobejar.com\/en\/wp-json\/wp\/v2\/posts\/12016\/revisions\/12018"}],"wp:featuredmedia":[{"embeddable":true,"href":"https:\/\/www.museojudiobejar.com\/en\/wp-json\/wp\/v2\/media\/12028"}],"wp:attachment":[{"href":"https:\/\/www.museojudiobejar.com\/en\/wp-json\/wp\/v2\/media?parent=12016"}],"wp:term":[{"taxonomy":"category","embeddable":true,"href":"https:\/\/www.museojudiobejar.com\/en\/wp-json\/wp\/v2\/categories?post=12016"},{"taxonomy":"post_tag","embeddable":true,"href":"https:\/\/www.museojudiobejar.com\/en\/wp-json\/wp\/v2\/tags?post=12016"}],"curies":[{"name":"wp","href":"https:\/\/api.w.org\/{rel}","templated":true}]}}