{"id":11921,"date":"2016-11-19T13:11:36","date_gmt":"2016-11-19T11:11:36","guid":{"rendered":"http:\/\/www.museojudiobejar.com\/?p=11921"},"modified":"2016-11-19T13:15:14","modified_gmt":"2016-11-19T11:15:14","slug":"museo-judio-bejar-estrena-nuevos-horarios-partir-diciembre","status":"publish","type":"post","link":"https:\/\/www.museojudiobejar.com\/en\/2016\/11\/museo-judio-bejar-estrena-nuevos-horarios-partir-diciembre\/","title":{"rendered":"El Museo Jud\u00edo de B\u00e9jar ampl\u00eda los d\u00edas de apertura a partir de diciembre"},"content":{"rendered":"<p>Con la llegada del mes de diciembre el Museo Jud\u00edo David Melul de B\u00e9jar estrena nuevos horarios, ampliando los d\u00edas de apertura y facilitando as\u00ed las visitas, especialmente de quienes vienen de otros lugares.<\/p>\n<p>A partir del 1 de diciembre, nuestro museo abrir\u00e1 <strong>de mi\u00e9rcoles a domingo, ambos inclusive, en horario de 16 a 19 horas<\/strong>. De esta forma se responde a la demanda de incluir el domingo como d\u00eda de apertura, para dar m\u00e1s facilidades a quienes visitan B\u00e9jar durante el fin de semana. Y para completar los d\u00edas de apertura se incorporan los mi\u00e9rcoles.<\/p>\n<p>El a\u00f1o 2016 est\u00e1 siendo especialmente bueno para el museo, que a finales de octubre super\u00f3 el n\u00famero de visitas de todo 2015. La ampliaci\u00f3n de los d\u00edas de apertura contribuir\u00e1 a consolidar nuestro museo como el m\u00e1s visitado de B\u00e9jar, con una <a href=\"http:\/\/www.museojudiobejar.com\/2016\/11\/museo-judio-bejar-internacional\/\" target=\"_blank\">amplia representaci\u00f3n de turistas internacionales<\/a>.<\/p>\n<p><strong>Este fin de semana y el que viene el Museo permanecer\u00e1 cerrado. Volveremos a abrir, ya con los nuevos horarios, el jueves 1 de diciembre<\/strong>.<\/p>\n","protected":false},"excerpt":{"rendered":"<p>Con la llegada del mes de diciembre el Museo Jud\u00edo David Melul de B\u00e9jar estrena nuevos horarios, ampliando los d\u00edas de apertura y facilitando as\u00ed las visitas, especialmente de quienes vienen de otros lugares. A partir del 1 de diciembre, nuestro museo abrir\u00e1 de mi\u00e9rcoles a domingo, ambos inclusive, en horario de 16 a 19<\/p>\n","protected":false},"author":2,"featured_media":11162,"comment_status":"closed","ping_status":"closed","sticky":false,"template":"","format":"standard","meta":{"footnotes":""},"categories":[1,39],"tags":[81],"class_list":["post-11921","post","type-post","status-publish","format-standard","has-post-thumbnail","hentry","category-actualidad","category-noticias","tag-horario"],"_links":{"self":[{"href":"https:\/\/www.museojudiobejar.com\/en\/wp-json\/wp\/v2\/posts\/11921","targetHints":{"allow":["GET"]}}],"collection":[{"href":"https:\/\/www.museojudiobejar.com\/en\/wp-json\/wp\/v2\/posts"}],"about":[{"href":"https:\/\/www.museojudiobejar.com\/en\/wp-json\/wp\/v2\/types\/post"}],"author":[{"embeddable":true,"href":"https:\/\/www.museojudiobejar.com\/en\/wp-json\/wp\/v2\/users\/2"}],"replies":[{"embeddable":true,"href":"https:\/\/www.museojudiobejar.com\/en\/wp-json\/wp\/v2\/comments?post=11921"}],"version-history":[{"count":3,"href":"https:\/\/www.museojudiobejar.com\/en\/wp-json\/wp\/v2\/posts\/11921\/revisions"}],"predecessor-version":[{"id":11924,"href":"https:\/\/www.museojudiobejar.com\/en\/wp-json\/wp\/v2\/posts\/11921\/revisions\/11924"}],"wp:featuredmedia":[{"embeddable":true,"href":"https:\/\/www.museojudiobejar.com\/en\/wp-json\/wp\/v2\/media\/11162"}],"wp:attachment":[{"href":"https:\/\/www.museojudiobejar.com\/en\/wp-json\/wp\/v2\/media?parent=11921"}],"wp:term":[{"taxonomy":"category","embeddable":true,"href":"https:\/\/www.museojudiobejar.com\/en\/wp-json\/wp\/v2\/categories?post=11921"},{"taxonomy":"post_tag","embeddable":true,"href":"https:\/\/www.museojudiobejar.com\/en\/wp-json\/wp\/v2\/tags?post=11921"}],"curies":[{"name":"wp","href":"https:\/\/api.w.org\/{rel}","templated":true}]}}