{"id":11836,"date":"2016-08-19T08:51:53","date_gmt":"2016-08-19T06:51:53","guid":{"rendered":"http:\/\/www.museojudiobejar.com\/?p=11836"},"modified":"2018-02-26T14:03:40","modified_gmt":"2018-02-26T12:03:40","slug":"viaje-museo-judio-belmonte-juderia-guarda","status":"publish","type":"post","link":"https:\/\/www.museojudiobejar.com\/en\/2016\/08\/viaje-museo-judio-belmonte-juderia-guarda\/","title":{"rendered":"Viaje al Museo Jud\u00edo de Belmonte y a la juder\u00eda de Guarda"},"content":{"rendered":"<p>Las localidades de Guarda y Belmonte, a escasos 50 kil\u00f3metros de la frontera con Fuentes de O\u00f1oro, conservan dos juder\u00edas de gran inter\u00e9s por su grado de conservaci\u00f3n y por la historia de sus moradores que ha llegado hasta nosotros.<\/p>\n<p><a href=\"http:\/\/www.museojudiobejar.com\/wp-content\/uploads\/2016\/08\/museu-judaico-belmonte.jpg\" target=\"_blank\"><img decoding=\"async\" class=\"alignleft wp-image-11838 size-medium\" src=\"http:\/\/www.museojudiobejar.com\/wp-content\/uploads\/2016\/08\/museu-judaico-belmonte-300x169.jpg\" alt=\"museu-judaico-belmonte\" width=\"300\" height=\"169\" srcset=\"https:\/\/www.museojudiobejar.com\/wp-content\/uploads\/2016\/08\/museu-judaico-belmonte-300x169.jpg 300w, https:\/\/www.museojudiobejar.com\/wp-content\/uploads\/2016\/08\/museu-judaico-belmonte.jpg 800w\" sizes=\"(max-width: 300px) 100vw, 300px\" \/><\/a>Para descubrir de primera mano el rastro de los jud\u00edos portugueses de frontera el Museo Jud\u00edo de B\u00e9jar organiza una visita para <strong>el domingo d\u00eda 18 de septiembre<\/strong>.<\/p>\n<div><strong><strong><strong>Viajaremos en autob\u00fas saliendo de La Corredera de B\u00e9jar a las 08 am de ese domingo<\/strong><\/strong><\/strong>, desde donde partiremos\u00a0directamente\u00a0a Belmonte para conocer su juder\u00eda.<\/div>\n<p>Esta localidad de algo m\u00e1s de 7.000 habitantes, elevada sobre el Monte de la Esperanza, form\u00f3 parte de la ruta defensiva del r\u00edo Coa trazada por Portugal frente a Espa\u00f1a tras el tratado de Alca\u00f1ices a finales del siglo XIII. A esta peque\u00f1a aldea llegaron procedentes de nuestro pa\u00eds numerosos jud\u00edos en 1492, multiplicando la importancia de la poblaci\u00f3n hebrea, hasta que fueron expulsados de Portugal cuatro a\u00f1os despu\u00e9s. Desde entonces, una comunidad criptojud\u00eda permaneci\u00f3 en la localidad profesando su religi\u00f3n a escondidas, desconectada del resto de sus hermanos en la fe, hasta que a comienzos del siglo XX\u00a0Samuel Schwartz, un ingeniero jud\u00edo polaco que trabajaba en la zona, descubri\u00f3 su rastro y lo dio a conocer al mundo. A partir de ese momento los jud\u00edos de Belmonte fueron recobrando su identidad y hace unos a\u00f1os se abri\u00f3 una nueva sinagoga y un cementerio en el municipio.<\/p>\n<p><strong>En Belmonte visitaremos el Museo Jud\u00edo<\/strong>, que es el primer espacio expositivo y de investigaci\u00f3n sobre el juda\u00edsmo que se abri\u00f3 en el pa\u00eds vecino, en el a\u00f1o 2005, y que mantiene una relaci\u00f3n estrecha con el de B\u00e9jar. <a href=\"http:\/\/www.museojudiobejar.com\/wp-content\/uploads\/2016\/08\/belmonte_0.jpg\" target=\"_blank\"><img decoding=\"async\" class=\"alignright wp-image-11839 size-medium\" src=\"http:\/\/www.museojudiobejar.com\/wp-content\/uploads\/2016\/08\/belmonte_0-300x174.jpg\" alt=\"belmonte_0\" width=\"300\" height=\"174\" srcset=\"https:\/\/www.museojudiobejar.com\/wp-content\/uploads\/2016\/08\/belmonte_0-300x174.jpg 300w, https:\/\/www.museojudiobejar.com\/wp-content\/uploads\/2016\/08\/belmonte_0.jpg 782w\" sizes=\"(max-width: 300px) 100vw, 300px\" \/><\/a><\/p>\n<p><strong>La comida tendr\u00e1 lugar en Belmonte, concretamente en el restaurante <a href=\"http:\/\/www.casadocastelo.net\/\" target=\"_blank\">Casa do Castelo<\/a>, y est\u00e1 incluida en el precio del viaje<\/strong>.<\/p>\n<p>Por la tarde nos desplazaremos a <strong>Guarda<\/strong>, distante 30 kil\u00f3metros hacia el norte. Esta ciudad de m\u00e1s de 40.000 habitantes y hermanada con B\u00e9jar, <strong>conserva un barrio jud\u00edo pintoresco que recorreremos guiados por el director de nuestro museo, Antonio Avil\u00e9s<\/strong>. All\u00ed seguiremos el rastro de los conversos que, como en el caso de B\u00e9jar, sustituyeron las mezuz\u00e1s de acceso a sus viviendas por cruces talladas en el dintel derecho de sus portales.<\/p>\n<p><a href=\"http:\/\/www.museojudiobejar.com\/wp-content\/uploads\/2016\/08\/placa-amizade-portugal-isra.jpg\" target=\"_blank\"><img decoding=\"async\" class=\"alignleft wp-image-11840 size-medium\" src=\"http:\/\/www.museojudiobejar.com\/wp-content\/uploads\/2016\/08\/placa-amizade-portugal-isra-300x169.jpg\" alt=\"placa-amizade-portugal-isra\" width=\"300\" height=\"169\" srcset=\"https:\/\/www.museojudiobejar.com\/wp-content\/uploads\/2016\/08\/placa-amizade-portugal-isra-300x169.jpg 300w, https:\/\/www.museojudiobejar.com\/wp-content\/uploads\/2016\/08\/placa-amizade-portugal-isra.jpg 832w\" sizes=\"(max-width: 300px) 100vw, 300px\" \/><\/a>Regresaremos de Guarda a las 21 horas (horario espa\u00f1ol) para llegar a nuestra ciudad hacia las 23:30 horas.<\/p>\n<p><strong>Las reservas pueden hacerse a trav\u00e9s del correo prensa@museojudiobejar.com o directamente en la Agencia de Viajes Labrador de B\u00e9jar<\/strong> (Calle\u00a0Z\u00fa\u00f1iga Rodr\u00edguez, 5. Tel\u00e9fonos 923 400 771 \u00b7 923 401 228) , donde se abonar\u00e1 antes del d\u00eda 16 de septiembre el precio del viaje: <strong>40 euros por persona.<\/strong><\/p>\n<p><strong>Tambi\u00e9n puede hacer el abono por transferencia bancaria<\/strong> a la cuenta corriente del Banco Espa\u00f1a Duero ES69 2108 2217 3100 3380 3102 , especificando Viaje a Guarda y Belmonte.<\/p>\n","protected":false},"excerpt":{"rendered":"<p>Las localidades de Guarda y Belmonte, a escasos 50 kil\u00f3metros de la frontera con Fuentes de O\u00f1oro, conservan dos juder\u00edas de gran inter\u00e9s por su grado de conservaci\u00f3n y por la historia de sus moradores que ha llegado hasta nosotros. Para descubrir de primera mano el rastro de los jud\u00edos portugueses de frontera el Museo<\/p>\n","protected":false},"author":2,"featured_media":11837,"comment_status":"closed","ping_status":"closed","sticky":false,"template":"","format":"standard","meta":{"footnotes":""},"categories":[1,39],"tags":[146,145,147,92,148],"class_list":["post-11836","post","type-post","status-publish","format-standard","has-post-thumbnail","hentry","category-actualidad","category-noticias","tag-belmonte","tag-guarda","tag-juderia","tag-portugal","tag-samuel-schwartz"],"_links":{"self":[{"href":"https:\/\/www.museojudiobejar.com\/en\/wp-json\/wp\/v2\/posts\/11836","targetHints":{"allow":["GET"]}}],"collection":[{"href":"https:\/\/www.museojudiobejar.com\/en\/wp-json\/wp\/v2\/posts"}],"about":[{"href":"https:\/\/www.museojudiobejar.com\/en\/wp-json\/wp\/v2\/types\/post"}],"author":[{"embeddable":true,"href":"https:\/\/www.museojudiobejar.com\/en\/wp-json\/wp\/v2\/users\/2"}],"replies":[{"embeddable":true,"href":"https:\/\/www.museojudiobejar.com\/en\/wp-json\/wp\/v2\/comments?post=11836"}],"version-history":[{"count":17,"href":"https:\/\/www.museojudiobejar.com\/en\/wp-json\/wp\/v2\/posts\/11836\/revisions"}],"predecessor-version":[{"id":11858,"href":"https:\/\/www.museojudiobejar.com\/en\/wp-json\/wp\/v2\/posts\/11836\/revisions\/11858"}],"wp:featuredmedia":[{"embeddable":true,"href":"https:\/\/www.museojudiobejar.com\/en\/wp-json\/wp\/v2\/media\/11837"}],"wp:attachment":[{"href":"https:\/\/www.museojudiobejar.com\/en\/wp-json\/wp\/v2\/media?parent=11836"}],"wp:term":[{"taxonomy":"category","embeddable":true,"href":"https:\/\/www.museojudiobejar.com\/en\/wp-json\/wp\/v2\/categories?post=11836"},{"taxonomy":"post_tag","embeddable":true,"href":"https:\/\/www.museojudiobejar.com\/en\/wp-json\/wp\/v2\/tags?post=11836"}],"curies":[{"name":"wp","href":"https:\/\/api.w.org\/{rel}","templated":true}]}}