{"id":11679,"date":"2016-04-08T11:35:16","date_gmt":"2016-04-08T09:35:16","guid":{"rendered":"http:\/\/www.museojudiobejar.com\/?p=11679"},"modified":"2018-02-26T14:03:42","modified_gmt":"2018-02-26T12:03:42","slug":"marcha-senderista-salamanquesa-d-gratis","status":"publish","type":"post","link":"https:\/\/www.museojudiobejar.com\/en\/2016\/04\/marcha-senderista-salamanquesa-d-gratis\/","title":{"rendered":"La marcha senderista La Salamanquesa en D Gratis"},"content":{"rendered":"<p>El peri\u00f3dico quincenal DGratis recoge en su \u00faltima edici\u00f3n la marcha senderista <a href=\"http:\/\/www.museojudiobejar.com\/2016\/03\/museo-organiza-marcha-senderista-salamanquesa\/\" target=\"_blank\">La Salamanquesa<\/a>.<\/p>\n<p><a href=\"http:\/\/www.museojudiobejar.com\/wp-content\/uploads\/2016\/04\/De-Gratis_001.jpg\"><img decoding=\"async\" class=\"alignnone size-medium wp-image-11680\" src=\"http:\/\/www.museojudiobejar.com\/wp-content\/uploads\/2016\/04\/De-Gratis_001-87x300.jpg\" alt=\"De Gratis_001\" width=\"87\" height=\"300\" srcset=\"https:\/\/www.museojudiobejar.com\/wp-content\/uploads\/2016\/04\/De-Gratis_001-87x300.jpg 87w, https:\/\/www.museojudiobejar.com\/wp-content\/uploads\/2016\/04\/De-Gratis_001.jpg 262w, https:\/\/www.museojudiobejar.com\/wp-content\/uploads\/2016\/04\/De-Gratis_001-298x1024.jpg 298w\" sizes=\"(max-width: 87px) 100vw, 87px\" \/><\/a><\/p>\n","protected":false},"excerpt":{"rendered":"<p>El peri\u00f3dico quincenal DGratis recoge en su \u00faltima edici\u00f3n la marcha senderista La Salamanquesa.<\/p>\n","protected":false},"author":2,"featured_media":11682,"comment_status":"closed","ping_status":"closed","sticky":false,"template":"","format":"standard","meta":{"footnotes":""},"categories":[47],"tags":[51,69,100,101],"class_list":["post-11679","post","type-post","status-publish","format-standard","has-post-thumbnail","hentry","category-prensa","tag-bejar","tag-judios","tag-calzada-bejar","tag-salamanquesa"],"_links":{"self":[{"href":"https:\/\/www.museojudiobejar.com\/en\/wp-json\/wp\/v2\/posts\/11679","targetHints":{"allow":["GET"]}}],"collection":[{"href":"https:\/\/www.museojudiobejar.com\/en\/wp-json\/wp\/v2\/posts"}],"about":[{"href":"https:\/\/www.museojudiobejar.com\/en\/wp-json\/wp\/v2\/types\/post"}],"author":[{"embeddable":true,"href":"https:\/\/www.museojudiobejar.com\/en\/wp-json\/wp\/v2\/users\/2"}],"replies":[{"embeddable":true,"href":"https:\/\/www.museojudiobejar.com\/en\/wp-json\/wp\/v2\/comments?post=11679"}],"version-history":[{"count":1,"href":"https:\/\/www.museojudiobejar.com\/en\/wp-json\/wp\/v2\/posts\/11679\/revisions"}],"predecessor-version":[{"id":11681,"href":"https:\/\/www.museojudiobejar.com\/en\/wp-json\/wp\/v2\/posts\/11679\/revisions\/11681"}],"wp:featuredmedia":[{"embeddable":true,"href":"https:\/\/www.museojudiobejar.com\/en\/wp-json\/wp\/v2\/media\/11682"}],"wp:attachment":[{"href":"https:\/\/www.museojudiobejar.com\/en\/wp-json\/wp\/v2\/media?parent=11679"}],"wp:term":[{"taxonomy":"category","embeddable":true,"href":"https:\/\/www.museojudiobejar.com\/en\/wp-json\/wp\/v2\/categories?post=11679"},{"taxonomy":"post_tag","embeddable":true,"href":"https:\/\/www.museojudiobejar.com\/en\/wp-json\/wp\/v2\/tags?post=11679"}],"curies":[{"name":"wp","href":"https:\/\/api.w.org\/{rel}","templated":true}]}}