{"id":11660,"date":"2016-03-17T11:24:31","date_gmt":"2016-03-17T09:24:31","guid":{"rendered":"http:\/\/www.museojudiobejar.com\/?p=11660"},"modified":"2016-04-05T11:26:48","modified_gmt":"2016-04-05T09:26:48","slug":"salamanquesa-bejar-fm","status":"publish","type":"post","link":"https:\/\/www.museojudiobejar.com\/en\/2016\/03\/salamanquesa-bejar-fm\/","title":{"rendered":"La Salamanquesa en B\u00e9jar FM"},"content":{"rendered":"<div class=\"post-content\">\n<p>La noticia sobre la marcha senderista <a href=\"http:\/\/www.museojudiobejar.com\/2016\/03\/museo-organiza-marcha-senderista-salamanquesa\/\" target=\"_blank\">La Salamanquesa<\/a>, en el diario digital B\u00e9jar FM.<\/p>\n<p>Acceso a la informaci\u00f3n <a href=\"http:\/\/www.bejarfm.es\/?p=28561#more-28561\" target=\"_blank\">aqu\u00ed<\/a>.<\/p>\n<\/div>\n","protected":false},"excerpt":{"rendered":"<p>La noticia sobre la marcha senderista La Salamanquesa, en el diario digital B\u00e9jar FM. Acceso a la informaci\u00f3n aqu\u00ed.<\/p>\n","protected":false},"author":2,"featured_media":11661,"comment_status":"closed","ping_status":"closed","sticky":false,"template":"","format":"standard","meta":{"footnotes":""},"categories":[47],"tags":[51,69,100,101],"class_list":["post-11660","post","type-post","status-publish","format-standard","has-post-thumbnail","hentry","category-prensa","tag-bejar","tag-judios","tag-calzada-bejar","tag-salamanquesa"],"_links":{"self":[{"href":"https:\/\/www.museojudiobejar.com\/en\/wp-json\/wp\/v2\/posts\/11660","targetHints":{"allow":["GET"]}}],"collection":[{"href":"https:\/\/www.museojudiobejar.com\/en\/wp-json\/wp\/v2\/posts"}],"about":[{"href":"https:\/\/www.museojudiobejar.com\/en\/wp-json\/wp\/v2\/types\/post"}],"author":[{"embeddable":true,"href":"https:\/\/www.museojudiobejar.com\/en\/wp-json\/wp\/v2\/users\/2"}],"replies":[{"embeddable":true,"href":"https:\/\/www.museojudiobejar.com\/en\/wp-json\/wp\/v2\/comments?post=11660"}],"version-history":[{"count":2,"href":"https:\/\/www.museojudiobejar.com\/en\/wp-json\/wp\/v2\/posts\/11660\/revisions"}],"predecessor-version":[{"id":11663,"href":"https:\/\/www.museojudiobejar.com\/en\/wp-json\/wp\/v2\/posts\/11660\/revisions\/11663"}],"wp:featuredmedia":[{"embeddable":true,"href":"https:\/\/www.museojudiobejar.com\/en\/wp-json\/wp\/v2\/media\/11661"}],"wp:attachment":[{"href":"https:\/\/www.museojudiobejar.com\/en\/wp-json\/wp\/v2\/media?parent=11660"}],"wp:term":[{"taxonomy":"category","embeddable":true,"href":"https:\/\/www.museojudiobejar.com\/en\/wp-json\/wp\/v2\/categories?post=11660"},{"taxonomy":"post_tag","embeddable":true,"href":"https:\/\/www.museojudiobejar.com\/en\/wp-json\/wp\/v2\/tags?post=11660"}],"curies":[{"name":"wp","href":"https:\/\/api.w.org\/{rel}","templated":true}]}}