{"id":11527,"date":"2016-01-07T11:13:10","date_gmt":"2016-01-07T09:13:10","guid":{"rendered":"http:\/\/www.museojudiobejar.com\/?p=11527"},"modified":"2016-01-07T11:13:10","modified_gmt":"2016-01-07T09:13:10","slug":"aumentan-visitas-museo-judio-bejar","status":"publish","type":"post","link":"https:\/\/www.museojudiobejar.com\/en\/2016\/01\/aumentan-visitas-museo-judio-bejar\/","title":{"rendered":"Aumentan las visitas al Museo Jud\u00edo de B\u00e9jar"},"content":{"rendered":"<p>El Museo Jud\u00edo David Melul de B\u00e9jar recibi\u00f3 durante 2015 un total de 2.350 visitantes, cifra que supone un 5% m\u00e1s que el a\u00f1o anterior. Teniendo en cuenta que solo abre los jueves, viernes y s\u00e1bados, la media de visitantes es de 12 al d\u00eda y de cuatro por cada hora. Casi la mitad de los visitantes son mujeres (49%), el 38% hombres y el 13% menores de 12 a\u00f1os.<\/p>\n<p>Como en a\u00f1os anteriores, la mayor\u00eda de los visitantes son de nacionalidad espa\u00f1ola, concretamente el 84%. Los ciudadanos de Castilla y Le\u00f3n encabezan la lista, sumando 679, lo que supone el 29% del total. Les siguen 534 madrile\u00f1os (23%), 139 extreme\u00f1os (6%) y 118 andaluces (5%). Completan la estad\u00edstica en menor n\u00famero turistas de todas las comunidades aut\u00f3nomas excepto de Ceuta. Un dato llamativo que se repite cada a\u00f1o es el alto n\u00famero de visitantes de la propia ciudad de B\u00e9jar, que en 2015 sumaron 303 (13% del total).<\/p>\n<p>Respecto a la procedencia de los extranjeros, destacan los israel\u00edes, que en n\u00famero de 184 visitaron el museo a lo largo del a\u00f1o pasado, seguidos de franceses (71) y portugueses (38). En total, ciudadanos de 18 nacionalidades pasaron por el Museo Jud\u00edo David Melul en 2015, lo que le convierte en el principal atractivo de la ciudad a nivel internacional.<\/p>\n<p>Julio y agosto son los meses en los que se regitraron m\u00e1s visitas, coincidiendo con las vacaciones, la llegada de turistas a la ciudad y la ampliaci\u00f3n del horario de apertura.<\/p>\n","protected":false},"excerpt":{"rendered":"<p>El Museo Jud\u00edo David Melul de B\u00e9jar recibi\u00f3 durante 2015 un total de 2.350 visitantes, cifra que supone un 5% m\u00e1s que el a\u00f1o anterior. Teniendo en cuenta que solo abre los jueves, viernes y s\u00e1bados, la media de visitantes es de 12 al d\u00eda y de cuatro por cada hora. Casi la mitad de<\/p>\n","protected":false},"author":2,"featured_media":11517,"comment_status":"closed","ping_status":"closed","sticky":false,"template":"","format":"standard","meta":{"footnotes":""},"categories":[1,39],"tags":[51,88,90,91,70,89,92,63],"class_list":["post-11527","post","type-post","status-publish","format-standard","has-post-thumbnail","hentry","category-actualidad","category-noticias","tag-bejar","tag-castilla-leon","tag-extremadura","tag-francia","tag-israel","tag-madrid","tag-portugal","tag-visita"],"_links":{"self":[{"href":"https:\/\/www.museojudiobejar.com\/en\/wp-json\/wp\/v2\/posts\/11527","targetHints":{"allow":["GET"]}}],"collection":[{"href":"https:\/\/www.museojudiobejar.com\/en\/wp-json\/wp\/v2\/posts"}],"about":[{"href":"https:\/\/www.museojudiobejar.com\/en\/wp-json\/wp\/v2\/types\/post"}],"author":[{"embeddable":true,"href":"https:\/\/www.museojudiobejar.com\/en\/wp-json\/wp\/v2\/users\/2"}],"replies":[{"embeddable":true,"href":"https:\/\/www.museojudiobejar.com\/en\/wp-json\/wp\/v2\/comments?post=11527"}],"version-history":[{"count":1,"href":"https:\/\/www.museojudiobejar.com\/en\/wp-json\/wp\/v2\/posts\/11527\/revisions"}],"predecessor-version":[{"id":11528,"href":"https:\/\/www.museojudiobejar.com\/en\/wp-json\/wp\/v2\/posts\/11527\/revisions\/11528"}],"wp:featuredmedia":[{"embeddable":true,"href":"https:\/\/www.museojudiobejar.com\/en\/wp-json\/wp\/v2\/media\/11517"}],"wp:attachment":[{"href":"https:\/\/www.museojudiobejar.com\/en\/wp-json\/wp\/v2\/media?parent=11527"}],"wp:term":[{"taxonomy":"category","embeddable":true,"href":"https:\/\/www.museojudiobejar.com\/en\/wp-json\/wp\/v2\/categories?post=11527"},{"taxonomy":"post_tag","embeddable":true,"href":"https:\/\/www.museojudiobejar.com\/en\/wp-json\/wp\/v2\/tags?post=11527"}],"curies":[{"name":"wp","href":"https:\/\/api.w.org\/{rel}","templated":true}]}}