{"id":11454,"date":"2015-10-26T02:11:47","date_gmt":"2015-10-26T00:11:47","guid":{"rendered":"http:\/\/www.museojudiobejar.com\/?p=11454"},"modified":"2018-02-26T14:03:46","modified_gmt":"2018-02-26T12:03:46","slug":"antonio-aviles-presento-libro-museo","status":"publish","type":"post","link":"https:\/\/www.museojudiobejar.com\/en\/2015\/10\/antonio-aviles-presento-libro-museo\/","title":{"rendered":"Antonio Avil\u00e9s present\u00f3 su libro en el museo"},"content":{"rendered":"<p>Antonio Avil\u00e9s present\u00f3 el pasado viernes su libro &#8220;Recuerdos y nostalgias de mi pueblo&#8221; en el sal\u00f3n de actos Franc\u00e9s de Z\u00fa\u00f1iga del museo. Lo hizo en un acto en el que le acompa\u00f1aron \u00d3scar Rivadeneyra, profesor de dibujo y miembro del patronato del museo, y Jos\u00e9 Antonio S\u00e1nchez Paso, t\u00e9cnico de actividades culturales de la Universidad de Salamanca.<\/p>\n<p>Ante un espacio abarrotado en el que se dieron cita m\u00e1s de medio centenar de personas, el autor puso de largo la que es su primera incursi\u00f3n en la literatura impresa con un trabajo que recoje, en clave novelada y a lo largo de 50 cap\u00edtulos, situaciones relativas a su vida en algunos de las localidades en las que ha residido. No se trata de un libro autobiogr\u00e1fico al uso, sino de un ejercicio de narrativa en torno a aspectos universales como el amor, la familia, las relaciones sociales, la ense\u00f1anza o la muerte, presentados como una sucesi\u00f3n de relatos en las que los nombres de las personas y las referencias expl\u00edcitas a las localidades donde se desarrollan se difuminan, cediendo a la imaginaci\u00f3n del lector la b\u00fasqueda de pistas sobre las identidades y los emplazamientos de cada historia.<\/p>\n<p>En su intervencion, \u00d3scar Rivadeneyra explic\u00f3 algunos de los entresijos de la edici\u00f3n del libro, que se ha desarrollado a lo largo de tres a\u00f1os, as\u00ed como de su relaci\u00f3n personal con el autor, del que record\u00f3 que su periplo vital incluye localidades como Fuentevaqueros, Granada, B\u00e9jar y Linares de Riofr\u00edo.<\/p>\n<p><a href=\"http:\/\/www.museojudiobejar.com\/wp-content\/uploads\/2015\/10\/2.jpg\"><img decoding=\"async\" class=\"alignleft wp-image-11459 size-medium\" src=\"http:\/\/www.museojudiobejar.com\/wp-content\/uploads\/2015\/10\/2-300x222.jpg\" alt=\"2\" width=\"300\" height=\"222\" srcset=\"https:\/\/www.museojudiobejar.com\/wp-content\/uploads\/2015\/10\/2-300x222.jpg 300w, https:\/\/www.museojudiobejar.com\/wp-content\/uploads\/2015\/10\/2-1024x758.jpg 1024w, https:\/\/www.museojudiobejar.com\/wp-content\/uploads\/2015\/10\/2.jpg 1200w\" sizes=\"(max-width: 300px) 100vw, 300px\" \/><\/a><\/p>\n<p>Por su parte, Jos\u00e9 Antonio S\u00e1nchez Paso analiz\u00f3 el trabajo de Antonio Avil\u00e9s desde una perspectiva literaria, en la que lo conect\u00f3 con los relatos que salpican el Quijote y tambi\u00e9n con el estilo de novelas de no ficci\u00f3n de autores como Javier Cercas.<\/p>\n<p>Al t\u00e9rmino de la presentaci\u00f3n el autor firm\u00f3 ejemplares a numerosos amigos que le acompa\u00f1aron en la presentaci\u00f3n, en la que tambi\u00e9n participaron representantes de diversos partidos pol\u00edticos, periodistas y compa\u00f1eros de Avil\u00e9s en el Museo Jud\u00edo.<\/p>\n","protected":false},"excerpt":{"rendered":"<p>Antonio Avil\u00e9s present\u00f3 el pasado viernes su libro &#8220;Recuerdos y nostalgias de mi pueblo&#8221; en el sal\u00f3n de actos Franc\u00e9s de Z\u00fa\u00f1iga del museo. Lo hizo en un acto en el que le acompa\u00f1aron \u00d3scar Rivadeneyra, profesor de dibujo y miembro del patronato del museo, y Jos\u00e9 Antonio S\u00e1nchez Paso, t\u00e9cnico de actividades culturales de<\/p>\n","protected":false},"author":2,"featured_media":11458,"comment_status":"closed","ping_status":"closed","sticky":false,"template":"","format":"standard","meta":{"footnotes":""},"categories":[1,39],"tags":[71,72,74,73],"class_list":["post-11454","post","type-post","status-publish","format-standard","has-post-thumbnail","hentry","category-actualidad","category-noticias","tag-aviles","tag-libro","tag-presentacion","tag-rivadeneyra"],"_links":{"self":[{"href":"https:\/\/www.museojudiobejar.com\/en\/wp-json\/wp\/v2\/posts\/11454","targetHints":{"allow":["GET"]}}],"collection":[{"href":"https:\/\/www.museojudiobejar.com\/en\/wp-json\/wp\/v2\/posts"}],"about":[{"href":"https:\/\/www.museojudiobejar.com\/en\/wp-json\/wp\/v2\/types\/post"}],"author":[{"embeddable":true,"href":"https:\/\/www.museojudiobejar.com\/en\/wp-json\/wp\/v2\/users\/2"}],"replies":[{"embeddable":true,"href":"https:\/\/www.museojudiobejar.com\/en\/wp-json\/wp\/v2\/comments?post=11454"}],"version-history":[{"count":4,"href":"https:\/\/www.museojudiobejar.com\/en\/wp-json\/wp\/v2\/posts\/11454\/revisions"}],"predecessor-version":[{"id":11461,"href":"https:\/\/www.museojudiobejar.com\/en\/wp-json\/wp\/v2\/posts\/11454\/revisions\/11461"}],"wp:featuredmedia":[{"embeddable":true,"href":"https:\/\/www.museojudiobejar.com\/en\/wp-json\/wp\/v2\/media\/11458"}],"wp:attachment":[{"href":"https:\/\/www.museojudiobejar.com\/en\/wp-json\/wp\/v2\/media?parent=11454"}],"wp:term":[{"taxonomy":"category","embeddable":true,"href":"https:\/\/www.museojudiobejar.com\/en\/wp-json\/wp\/v2\/categories?post=11454"},{"taxonomy":"post_tag","embeddable":true,"href":"https:\/\/www.museojudiobejar.com\/en\/wp-json\/wp\/v2\/tags?post=11454"}],"curies":[{"name":"wp","href":"https:\/\/api.w.org\/{rel}","templated":true}]}}